{"id":1016,"date":"2024-11-23T19:23:01","date_gmt":"2024-11-24T00:23:01","guid":{"rendered":"https:\/\/aviacionguayaquil.com\/?p=1016"},"modified":"2024-11-23T19:23:02","modified_gmt":"2024-11-24T00:23:02","slug":"airbus-entrega-el-primero-de-82-helicopteros-h145m-a-las-fuerzas-armadas-de-alemania","status":"publish","type":"post","link":"https:\/\/aviacionguayaquil.com\/index.php\/2024\/11\/23\/airbus-entrega-el-primero-de-82-helicopteros-h145m-a-las-fuerzas-armadas-de-alemania\/","title":{"rendered":"Airbus entrega el primero de 82 helic\u00f3pteros H145M a las Fuerzas Armadas de Alemania"},"content":{"rendered":"<p style=\"text-align: justify;\">En un plazo r\u00e9cord de menos de un a\u00f1o, Airbus Helicopters ha entregado el primero de hasta 82 helic\u00f3pteros H145M a las Fuerzas Armadas de Alemania (Bundeswehr). Este helic\u00f3ptero multirol, denominado por la Bundeswehr como \u201cLeichter Kampfhubschrauber\u201d (LKH) o helic\u00f3ptero ligero de combate, es el primero de los 62 pedidos firmes, con una opci\u00f3n para 20 unidades adicionales.<\/p>\n<p style=\"text-align: justify;\">El contrato, firmado en diciembre de 2023, incluye adem\u00e1s siete a\u00f1os de soporte y servicios, garantizando una entrada en servicio sin contratiempos y un mantenimiento optimizado.<\/p>\n<p style=\"text-align: justify;\"><strong>Inicio de operaciones y planificaci\u00f3n futura<\/strong><\/p>\n<p style=\"text-align: justify;\">Este primer H145M estar\u00e1 dedicado a entrenamiento en la base de B\u00fcckeburg, donde los pilotos de la Bundeswehr comenzaron su formaci\u00f3n en agosto de este a\u00f1o. La entrega del primer helic\u00f3ptero con capacidad de ataque ligero est\u00e1 programada para 2025, consolidando la transici\u00f3n del modelo hacia un uso operativo avanzado.<\/p>\n<blockquote>\n<p style=\"text-align: justify;\">\u201cLa entrega en tiempo r\u00e9cord del primer H145M subraya nuestro compromiso con la Bundeswehr. Este helic\u00f3ptero ser\u00e1 un activo invaluable para misiones cr\u00edticas, desde entrenamiento hasta combate ligero\u201d, afirm\u00f3 Stefan Thom\u00e9, Director General de Airbus Helicopters en Alemania.<\/p>\n<\/blockquote>\n<p style=\"text-align: justify;\"><strong>Capacidades excepcionales del H145M<\/strong><\/p>\n<p style=\"text-align: justify;\">El H145M ofrece una versatilidad \u00fanica, permitiendo configuraciones r\u00e1pidas para distintas misiones:<\/p>\n<ul>\n<li style=\"text-align: justify;\"><strong>Ataque ligero:<\/strong> Integraci\u00f3n del sistema de gesti\u00f3n de armas HForce para armamento bal\u00edstico y guiado.<\/li>\n<li style=\"text-align: justify;\"><strong>Operaciones especiales:<\/strong> Equipos para descenso r\u00e1pido y transporte de carga externa.<\/li>\n<li style=\"text-align: justify;\"><strong>B\u00fasqueda y rescate:<\/strong> Capacidades de izado y carga externa, ideales para misiones humanitarias o en zonas de desastre.<\/li>\n<\/ul>\n<p style=\"text-align: justify;\"><span style=\"font-size: revert; color: initial;\">Equipado con motores Safran Arriel 2E, avi\u00f3nica digital Helionix y un piloto autom\u00e1tico de 4 ejes, el H145M ofrece operaciones m\u00e1s seguras y eficaces, reduciendo la carga del piloto. Adem\u00e1s, su bajo nivel de ruido lo convierte en el helic\u00f3ptero m\u00e1s silencioso de su clase, ideal para misiones encubiertas.<\/span><\/p>\n<p style=\"text-align: justify;\"><strong>Una opci\u00f3n probada en el mundo<\/strong><\/p>\n<p style=\"text-align: justify;\">El H145M ya ha demostrado su confiabilidad a nivel global, con clientes como Hungr\u00eda, Serbia y Estados Unidos, que opera cerca de 500 unidades UH-72 Lakota basadas en la familia H145. Con ocho millones de horas de vuelo acumuladas, esta plataforma sigue siendo una de las m\u00e1s confiables para misiones militares y de seguridad.<\/p>\n","protected":false},"excerpt":{"rendered":"<p>En un plazo r\u00e9cord de menos de un a\u00f1o, Airbus Helicopters ha entregado el primero de hasta 82 helic\u00f3pteros H145M a las Fuerzas Armadas de Alemania (Bundeswehr). Este helic\u00f3ptero multirol, denominado por la Bundeswehr como \u201cLeichter Kampfhubschrauber\u201d (LKH) o helic\u00f3ptero ligero de combate, es el primero de los 62 pedidos firmes, con una opci\u00f3n para [&hellip;]<\/p>\n","protected":false},"author":1,"featured_media":1017,"comment_status":"open","ping_status":"open","sticky":true,"template":"","format":"standard","meta":{"om_disable_all_campaigns":false,"_monsterinsights_skip_tracking":false,"_monsterinsights_sitenote_active":false,"_monsterinsights_sitenote_note":"","_monsterinsights_sitenote_category":0,"_uf_show_specific_survey":0,"_uf_disable_surveys":false,"footnotes":""},"categories":[16],"tags":[22,732,60,733,97,731,54],"class_list":["post-1016","post","type-post","status-publish","format-standard","has-post-thumbnail","hentry","category-militar","tag-airbus","tag-alemania","tag-aviacion-guayaquil","tag-fuerzas-armadas-de-alemania","tag-h145","tag-h145m","tag-news"],"_links":{"self":[{"href":"https:\/\/aviacionguayaquil.com\/index.php\/wp-json\/wp\/v2\/posts\/1016","targetHints":{"allow":["GET"]}}],"collection":[{"href":"https:\/\/aviacionguayaquil.com\/index.php\/wp-json\/wp\/v2\/posts"}],"about":[{"href":"https:\/\/aviacionguayaquil.com\/index.php\/wp-json\/wp\/v2\/types\/post"}],"author":[{"embeddable":true,"href":"https:\/\/aviacionguayaquil.com\/index.php\/wp-json\/wp\/v2\/users\/1"}],"replies":[{"embeddable":true,"href":"https:\/\/aviacionguayaquil.com\/index.php\/wp-json\/wp\/v2\/comments?post=1016"}],"version-history":[{"count":1,"href":"https:\/\/aviacionguayaquil.com\/index.php\/wp-json\/wp\/v2\/posts\/1016\/revisions"}],"predecessor-version":[{"id":1018,"href":"https:\/\/aviacionguayaquil.com\/index.php\/wp-json\/wp\/v2\/posts\/1016\/revisions\/1018"}],"wp:featuredmedia":[{"embeddable":true,"href":"https:\/\/aviacionguayaquil.com\/index.php\/wp-json\/wp\/v2\/media\/1017"}],"wp:attachment":[{"href":"https:\/\/aviacionguayaquil.com\/index.php\/wp-json\/wp\/v2\/media?parent=1016"}],"wp:term":[{"taxonomy":"category","embeddable":true,"href":"https:\/\/aviacionguayaquil.com\/index.php\/wp-json\/wp\/v2\/categories?post=1016"},{"taxonomy":"post_tag","embeddable":true,"href":"https:\/\/aviacionguayaquil.com\/index.php\/wp-json\/wp\/v2\/tags?post=1016"}],"curies":[{"name":"wp","href":"https:\/\/api.w.org\/{rel}","templated":true}]}}