{"id":1064,"date":"2024-12-06T14:16:50","date_gmt":"2024-12-06T19:16:50","guid":{"rendered":"https:\/\/aviacionguayaquil.com\/?p=1064"},"modified":"2024-12-06T14:16:51","modified_gmt":"2024-12-06T19:16:51","slug":"la-fuerza-aerea-portuguesa-recibe-su-tercer-helicoptero-uh-60-black-hawk-un-paso-mas-en-la-lucha-contra-incendios-rurales","status":"publish","type":"post","link":"https:\/\/aviacionguayaquil.com\/index.php\/2024\/12\/06\/la-fuerza-aerea-portuguesa-recibe-su-tercer-helicoptero-uh-60-black-hawk-un-paso-mas-en-la-lucha-contra-incendios-rurales\/","title":{"rendered":"La Fuerza A\u00e9rea Portuguesa recibe su tercer helic\u00f3ptero UH-60 Black Hawk: Un paso m\u00e1s en la lucha contra incendios rurales"},"content":{"rendered":"<p style=\"text-align: justify;\">Esta ma\u00f1ana, a las 07:40, aterriz\u00f3 en la Base A\u00e9rea N.\u00ba 8 (BA8) el tercer helic\u00f3ptero UH-60 Black Hawk, sum\u00e1ndose a la flota operativa de la Fuerza A\u00e9rea Portuguesa. Este hito marca un avance significativo en el programa de modernizaci\u00f3n de la Esquadra 551 \u201cPanteras\u201d, reactivada recientemente para fortalecer la capacidad nacional en el combate a los incendios rurales.<\/p>\n<p style=\"text-align: justify;\"><strong>Detalles log\u00edsticos de la entrega<\/strong><\/p>\n<p style=\"text-align: justify;\">El UH-60 Black Hawk lleg\u00f3 a Portugal transportado por un avi\u00f3n KC-390 de la Fuerza A\u00e9rea Portuguesa, que despeg\u00f3 el pasado 4 de diciembre desde la Base A\u00e9rea N.\u00ba 8 hacia Dothan, Alabama, en los Estados Unidos. El trayecto incluy\u00f3 escalas t\u00e9cnicas en la Base A\u00e9rea N.\u00ba 4 (Lajes) y Providence (EE. UU.). El retorno a Portugal comenz\u00f3 el 5 de diciembre, efectuando paradas en Providence y la Base A\u00e9rea N.\u00ba 11 (Beja), antes de llegar a Ovar.<\/p>\n<p style=\"text-align: justify;\">Este operativo demuestra la capacidad log\u00edstica de la Fuerza A\u00e9rea para integrar sistemas avanzados como el UH-60 en su flota, destacando la importancia de la cooperaci\u00f3n internacional en la adquisici\u00f3n y despliegue de tecnolog\u00edas de \u00faltima generaci\u00f3n.<\/p>\n<p style=\"text-align: justify;\"><strong>Capacidades del UH-60 Black Hawk<\/strong><\/p>\n<p style=\"text-align: justify;\">El UH-60 Black Hawk es un helic\u00f3ptero utilitario bimotor mediano, dise\u00f1ado para diversas misiones, incluyendo el combate a\u00e9reo contra incendios y la proyecci\u00f3n de fuerzas terrestres. Sus caracter\u00edsticas principales incluyen:<\/p>\n<ul>\n<li style=\"text-align: justify;\">Capacidad de transporte: Hasta 12 bomberos completamente equipados.<\/li>\n<li style=\"text-align: justify;\">Capacidad de carga de agua: Hasta 2950 litros por descarga.<\/li>\n<li style=\"text-align: justify;\">Autonom\u00eda de vuelo: 2 horas y 30 minutos.<\/li>\n<li style=\"text-align: justify;\">Velocidad m\u00e1xima: 314 km\/h.<\/li>\n<li style=\"text-align: justify;\">Radio de acci\u00f3n: 555 km.<\/li>\n<\/ul>\n<p>Estas especificaciones lo convierten en una herramienta clave para afrontar emergencias clim\u00e1ticas, proporcionando una respuesta r\u00e1pida y eficiente en situaciones cr\u00edticas.<\/p>\n<p style=\"text-align: justify;\"><strong>Un enfoque estrat\u00e9gico hasta 2026<\/strong><\/p>\n<p style=\"text-align: justify;\">Con la entrega de este tercer helic\u00f3ptero, Portugal avanza en la ejecuci\u00f3n de su plan estrat\u00e9gico para modernizar las capacidades de respuesta ante incendios rurales. Las tripulaciones encargadas de operar estos equipos est\u00e1n sometidas a un riguroso programa de entrenamiento que garantizar\u00e1 altos est\u00e1ndares de seguridad y eficacia operativa.<\/p>\n<p style=\"text-align: justify;\">Desde 2018, la Fuerza A\u00e9rea asumi\u00f3 la gesti\u00f3n de los medios estatales destinados al combate de incendios, un cambio que permiti\u00f3 al gobierno firmar contratos para la adquisici\u00f3n de seis helic\u00f3pteros UH-60 Black Hawk, financiados mayoritariamente con recursos del Plan de Recuperaci\u00f3n y Resiliencia (PRR). Los dos primeros fueron entregados en noviembre de 2023, y se espera completar el env\u00edo de los tres restantes en 2025.<\/p>\n<p style=\"text-align: justify;\">En septiembre de este a\u00f1o, se firm\u00f3 un nuevo contrato para adquirir tres unidades adicionales, llevando el total de la flota a nueve helic\u00f3pteros para 2026. Este esfuerzo es financiado principalmente con fondos europeos a trav\u00e9s del PRR, consolidando la posici\u00f3n de Portugal como l\u00edder en la gesti\u00f3n de incendios rurales en Europa.<\/p>\n<p style=\"text-align: justify;\">La incorporaci\u00f3n de los UH-60 Black Hawk refleja el compromiso de Portugal con la protecci\u00f3n de su territorio frente a los desaf\u00edos del cambio clim\u00e1tico. Estos helic\u00f3pteros no solo mejoran la capacidad de respuesta en emergencias, sino que tambi\u00e9n representan una inversi\u00f3n en tecnolog\u00edas avanzadas para garantizar la seguridad de las comunidades y los recursos naturales.<\/p>\n<p style=\"text-align: justify;\">\n<p style=\"text-align: justify;\">\n","protected":false},"excerpt":{"rendered":"<p>Esta ma\u00f1ana, a las 07:40, aterriz\u00f3 en la Base A\u00e9rea N.\u00ba 8 (BA8) el tercer helic\u00f3ptero UH-60 Black Hawk, sum\u00e1ndose a la flota operativa de la Fuerza A\u00e9rea Portuguesa. Este hito marca un avance significativo en el programa de modernizaci\u00f3n de la Esquadra 551 \u201cPanteras\u201d, reactivada recientemente para fortalecer la capacidad nacional en el combate [&hellip;]<\/p>\n","protected":false},"author":1,"featured_media":1065,"comment_status":"open","ping_status":"open","sticky":true,"template":"","format":"standard","meta":{"om_disable_all_campaigns":false,"_monsterinsights_skip_tracking":false,"_monsterinsights_sitenote_active":false,"_monsterinsights_sitenote_note":"","_monsterinsights_sitenote_category":0,"_uf_show_specific_survey":0,"_uf_disable_surveys":false,"footnotes":""},"categories":[16],"tags":[60,793,796,798,797,794],"class_list":["post-1064","post","type-post","status-publish","format-standard","has-post-thumbnail","hentry","category-militar","tag-aviacion-guayaquil","tag-combate-aereo-incendios-rurales","tag-fuerza-aerea-portuguesa","tag-helicopteros-de-combate-de-incendios","tag-helicopteros-utilitarios","tag-uh-60-black-hawk"],"_links":{"self":[{"href":"https:\/\/aviacionguayaquil.com\/index.php\/wp-json\/wp\/v2\/posts\/1064","targetHints":{"allow":["GET"]}}],"collection":[{"href":"https:\/\/aviacionguayaquil.com\/index.php\/wp-json\/wp\/v2\/posts"}],"about":[{"href":"https:\/\/aviacionguayaquil.com\/index.php\/wp-json\/wp\/v2\/types\/post"}],"author":[{"embeddable":true,"href":"https:\/\/aviacionguayaquil.com\/index.php\/wp-json\/wp\/v2\/users\/1"}],"replies":[{"embeddable":true,"href":"https:\/\/aviacionguayaquil.com\/index.php\/wp-json\/wp\/v2\/comments?post=1064"}],"version-history":[{"count":1,"href":"https:\/\/aviacionguayaquil.com\/index.php\/wp-json\/wp\/v2\/posts\/1064\/revisions"}],"predecessor-version":[{"id":1066,"href":"https:\/\/aviacionguayaquil.com\/index.php\/wp-json\/wp\/v2\/posts\/1064\/revisions\/1066"}],"wp:featuredmedia":[{"embeddable":true,"href":"https:\/\/aviacionguayaquil.com\/index.php\/wp-json\/wp\/v2\/media\/1065"}],"wp:attachment":[{"href":"https:\/\/aviacionguayaquil.com\/index.php\/wp-json\/wp\/v2\/media?parent=1064"}],"wp:term":[{"taxonomy":"category","embeddable":true,"href":"https:\/\/aviacionguayaquil.com\/index.php\/wp-json\/wp\/v2\/categories?post=1064"},{"taxonomy":"post_tag","embeddable":true,"href":"https:\/\/aviacionguayaquil.com\/index.php\/wp-json\/wp\/v2\/tags?post=1064"}],"curies":[{"name":"wp","href":"https:\/\/api.w.org\/{rel}","templated":true}]}}