{"id":1171,"date":"2025-01-30T15:09:59","date_gmt":"2025-01-30T20:09:59","guid":{"rendered":"https:\/\/aviacionguayaquil.com\/?p=1171"},"modified":"2025-01-30T15:10:00","modified_gmt":"2025-01-30T20:10:00","slug":"estados-unidos-suspende-operacion-de-22-helicopteros-black-hawk-en-colombia-afectando-la-lucha-antinarcoticos","status":"publish","type":"post","link":"https:\/\/aviacionguayaquil.com\/index.php\/2025\/01\/30\/estados-unidos-suspende-operacion-de-22-helicopteros-black-hawk-en-colombia-afectando-la-lucha-antinarcoticos\/","title":{"rendered":"Estados Unidos suspende operaci\u00f3n de 22 helic\u00f3pteros Black Hawk en Colombia, afectando la lucha antinarc\u00f3ticos"},"content":{"rendered":"<p style=\"text-align: justify;\">En una decisi\u00f3n que impacta directamente la lucha contra el narcotr\u00e1fico en Colombia, el gobierno de Estados Unidos, bajo la administraci\u00f3n de Donald Trump, ha ordenado la suspensi\u00f3n de 22 helic\u00f3pteros Black Hawk que hasta ahora prestaban servicio a la Polic\u00eda Nacional y al Ej\u00e9rcito colombiano.<\/p>\n<p style=\"text-align: justify;\">Estas aeronaves, consideradas un pilar clave en operaciones antinarc\u00f3ticos, se utilizaban para transporte de tropas y misiones de interdicci\u00f3n en zonas estrat\u00e9gicas. Sin embargo, a partir de esta semana, quedar\u00e1n en tierra por tiempo indefinido, ya que el Departamento de Estado ha congelado su uso en el pa\u00eds.<\/p>\n<p style=\"text-align: justify;\"><strong>La decisi\u00f3n de Trump y sus implicaciones en Colombia<\/strong><\/p>\n<p style=\"text-align: justify;\">Seg\u00fan fuentes oficiales, esta medida hace parte de la pol\u00edtica de restricci\u00f3n de fondos de cooperaci\u00f3n internacional que Trump ha implementado en diversas regiones. Aunque se ha mantenido el apoyo a Israel y Egipto en t\u00e9rminos de asistencia militar, Colombia ha sido excluida de estos beneficios, afectando directamente la operatividad de los Black Hawk.<\/p>\n<p style=\"text-align: justify;\">Adem\u00e1s, el gobierno estadounidense ha confirmado que no se destinar\u00e1n recursos para repuestos, mantenimiento ni combustible para estas aeronaves, lo que impide su operaci\u00f3n a corto y mediano plazo. Los helic\u00f3pteros actualmente se encuentran estacionados en Mariquita (Tolima), Putumayo y Bogot\u00e1, sin autorizaci\u00f3n para volar.<\/p>\n<p style=\"text-align: justify;\"><strong>\u00bfUna represalia por la crisis diplom\u00e1tica entre Trump y Petro?<\/strong><\/p>\n<p style=\"text-align: justify;\">Esta decisi\u00f3n llega en un momento de tensi\u00f3n diplom\u00e1tica entre Washington y Bogot\u00e1. D\u00edas atr\u00e1s, el presidente Gustavo Petro se neg\u00f3 a recibir vuelos con migrantes colombianos deportados desde EE.UU., lo que gener\u00f3 una fuerte reacci\u00f3n por parte de Trump.<\/p>\n<p style=\"text-align: justify;\">En respuesta, el mandatario estadounidense amenaz\u00f3 con imponer aranceles del 25% a productos colombianos, adem\u00e1s de restringir el acceso a visas para ciudadanos del pa\u00eds. Finalmente, tras una breve crisis diplom\u00e1tica, se restablecieron los vuelos con deportados, pero las fricciones entre ambos gobiernos persisten.<\/p>\n<p style=\"text-align: justify;\">Al respecto, el Departamento de Estado de EE.UU., liderado por Marco Rubio, se pronunciar\u00e1 en las pr\u00f3ximas horas para esclarecer los alcances de esta decisi\u00f3n.<\/p>\n<p style=\"text-align: justify;\"><strong>Impacto en la lucha contra el narcotr\u00e1fico<\/strong><\/p>\n<p style=\"text-align: justify;\">Para Colombia, la suspensi\u00f3n de los helic\u00f3pteros Black Hawk representa un golpe significativo en su estrategia contra el narcotr\u00e1fico y los grupos armados ilegales. Estas aeronaves han sido fundamentales en misiones de erradicaci\u00f3n de cultivos il\u00edcitos, interdicci\u00f3n a\u00e9rea y apoyo a operaciones militares en zonas de dif\u00edcil acceso.<\/p>\n<p style=\"text-align: justify;\">El gobierno colombiano ahora deber\u00e1 evaluar alternativas para suplir esta p\u00e9rdida operativa, lo que podr\u00eda implicar destinar fondos propios para el mantenimiento de los helic\u00f3pteros o buscar nuevos acuerdos con aliados estrat\u00e9gicos.<\/p>\n<p style=\"text-align: justify;\">El congelamiento de estos 22 helic\u00f3pteros Black Hawk no solo afecta las capacidades operativas de la Polic\u00eda y el Ej\u00e9rcito colombiano, sino que tambi\u00e9n pone en evidencia la fragilidad de la cooperaci\u00f3n bilateral en seguridad y defensa.<\/p>\n<p style=\"text-align: justify;\">En medio de un contexto pol\u00edtico tenso, esta medida podr\u00eda ser una advertencia de Washington sobre futuras restricciones en la ayuda internacional a Colombia. Mientras tanto, las autoridades colombianas deber\u00e1n buscar soluciones para evitar que la lucha contra el narcotr\u00e1fico se vea gravemente comprometida.<\/p>\n","protected":false},"excerpt":{"rendered":"<p>En una decisi\u00f3n que impacta directamente la lucha contra el narcotr\u00e1fico en Colombia, el gobierno de Estados Unidos, bajo la administraci\u00f3n de Donald Trump, ha ordenado la suspensi\u00f3n de 22 helic\u00f3pteros Black Hawk que hasta ahora prestaban servicio a la Polic\u00eda Nacional y al Ej\u00e9rcito colombiano. Estas aeronaves, consideradas un pilar clave en operaciones antinarc\u00f3ticos, [&hellip;]<\/p>\n","protected":false},"author":2,"featured_media":1172,"comment_status":"open","ping_status":"open","sticky":true,"template":"","format":"standard","meta":{"om_disable_all_campaigns":false,"_monsterinsights_skip_tracking":false,"_monsterinsights_sitenote_active":false,"_monsterinsights_sitenote_note":"","_monsterinsights_sitenote_category":0,"_uf_show_specific_survey":0,"_uf_disable_surveys":false,"footnotes":""},"categories":[16],"tags":[60,859,367,134,865,54,226],"class_list":["post-1171","post","type-post","status-publish","format-standard","has-post-thumbnail","hentry","category-militar","tag-aviacion-guayaquil","tag-black-hawk","tag-colombia","tag-estados-unidos","tag-helicopteros-black-hawk-en-colombia","tag-news","tag-sikorsky"],"_links":{"self":[{"href":"https:\/\/aviacionguayaquil.com\/index.php\/wp-json\/wp\/v2\/posts\/1171","targetHints":{"allow":["GET"]}}],"collection":[{"href":"https:\/\/aviacionguayaquil.com\/index.php\/wp-json\/wp\/v2\/posts"}],"about":[{"href":"https:\/\/aviacionguayaquil.com\/index.php\/wp-json\/wp\/v2\/types\/post"}],"author":[{"embeddable":true,"href":"https:\/\/aviacionguayaquil.com\/index.php\/wp-json\/wp\/v2\/users\/2"}],"replies":[{"embeddable":true,"href":"https:\/\/aviacionguayaquil.com\/index.php\/wp-json\/wp\/v2\/comments?post=1171"}],"version-history":[{"count":1,"href":"https:\/\/aviacionguayaquil.com\/index.php\/wp-json\/wp\/v2\/posts\/1171\/revisions"}],"predecessor-version":[{"id":1173,"href":"https:\/\/aviacionguayaquil.com\/index.php\/wp-json\/wp\/v2\/posts\/1171\/revisions\/1173"}],"wp:featuredmedia":[{"embeddable":true,"href":"https:\/\/aviacionguayaquil.com\/index.php\/wp-json\/wp\/v2\/media\/1172"}],"wp:attachment":[{"href":"https:\/\/aviacionguayaquil.com\/index.php\/wp-json\/wp\/v2\/media?parent=1171"}],"wp:term":[{"taxonomy":"category","embeddable":true,"href":"https:\/\/aviacionguayaquil.com\/index.php\/wp-json\/wp\/v2\/categories?post=1171"},{"taxonomy":"post_tag","embeddable":true,"href":"https:\/\/aviacionguayaquil.com\/index.php\/wp-json\/wp\/v2\/tags?post=1171"}],"curies":[{"name":"wp","href":"https:\/\/api.w.org\/{rel}","templated":true}]}}