{"id":1326,"date":"2025-04-01T20:03:48","date_gmt":"2025-04-02T01:03:48","guid":{"rendered":"https:\/\/aviacionguayaquil.com\/?p=1326"},"modified":"2025-04-01T20:03:49","modified_gmt":"2025-04-02T01:03:49","slug":"suecia-adquiere-cuatro-aviones-embraer-c-390-millennium-y-asegura-su-lugar-en-la-produccion-aeroespacial","status":"publish","type":"post","link":"https:\/\/aviacionguayaquil.com\/index.php\/2025\/04\/01\/suecia-adquiere-cuatro-aviones-embraer-c-390-millennium-y-asegura-su-lugar-en-la-produccion-aeroespacial\/","title":{"rendered":"Suecia adquiere cuatro aviones Embraer C-390 Millennium y asegura su lugar en la producci\u00f3n aeroespacial"},"content":{"rendered":"<p style=\"text-align: justify;\">En un anuncio hist\u00f3rico durante la feria LAAD Defence &amp; Security 2025, Suecia ha sellado su compromiso con Embraer, l\u00edder mundial en la industria aeroespacial, para adquirir cuatro aviones C-390 Millennium. Este acuerdo asegura a Suecia plazas clave en la l\u00ednea de producci\u00f3n de estas aeronaves multimisi\u00f3n, marcando un paso decisivo en la modernizaci\u00f3n de su Fuerza A\u00e9rea. La ceremonia cont\u00f3 con la presencia de Peter Sandwall, secretario de Estado del Ministro de Defensa sueco, y Bosco da Costa Junior, presidente y CEO de Embraer Defense &amp; Security.<\/p>\n<p style=\"text-align: justify;\">Este avance llega tras la firma de un Memorando de Entendimiento que integra a Suecia en el programa C-390 junto a Pa\u00edses Bajos y Austria, fortaleciendo la colaboraci\u00f3n europea en defensa a\u00e9rea. Pero, \u00bfqu\u00e9 significa esta adquisici\u00f3n para el futuro de la aviaci\u00f3n militar sueca? A continuaci\u00f3n, exploramos los detalles.<\/p>\n<p style=\"text-align: justify;\"><strong>\u00bfPor qu\u00e9 el C-390 Millennium revoluciona la aviaci\u00f3n militar?<\/strong><\/p>\n<p style=\"text-align: justify;\">El C-390 Millennium no es solo un avi\u00f3n de transporte; es una herramienta estrat\u00e9gica que redefine la versatilidad y eficiencia en operaciones militares. Con capacidad para transportar hasta 26 toneladas de carga \u2014superando a otros modelos de tama\u00f1o medio\u2014 y una velocidad m\u00e1xima de 470 nudos, este avi\u00f3n est\u00e1 dise\u00f1ado para misiones exigentes en cualquier entorno. Desde pistas improvisadas de tierra o grava hasta operaciones de reabastecimiento a\u00e9reo, el C-390 destaca por su adaptabilidad.<\/p>\n<ul style=\"text-align: justify;\">\n<li style=\"text-align: justify;\">Misiones clave: Transporte de tropas y carga, evacuaci\u00f3n m\u00e9dica, b\u00fasqueda y rescate, combate de incendios y apoyo humanitario.<\/li>\n<li style=\"text-align: justify;\">Innovaci\u00f3n t\u00e9cnica: Equipado con pods bajo las alas, el KC-390 puede actuar como tanquero o receptor en reabastecimiento a\u00e9reo.<\/li>\n<li style=\"text-align: justify;\">Fiabilidad comprobada: Desde su entrada en servicio en Brasil (2019), Portugal (2023) y Hungr\u00eda (2024), ostenta una tasa de disponibilidad del 93% y un 99% de \u00e9xito en misiones.<\/li>\n<\/ul>\n<blockquote>\n<p style=\"text-align: justify;\">Peter Sandwall destac\u00f3: \u201cEste avi\u00f3n interoperable con la OTAN nos permitir\u00e1 operar en los entornos m\u00e1s desafiantes, garantizando la seguridad de Suecia por d\u00e9cadas\u201d.<\/p>\n<\/blockquote>\n<p style=\"text-align: justify;\"><strong>Impacto en la industria aeron\u00e1utica y antecedentes hist\u00f3ricos<\/strong><\/p>\n<p style=\"text-align: justify;\">La incorporaci\u00f3n de Suecia al programa C-390 refuerza una tendencia creciente en Europa: la b\u00fasqueda de soluciones conjuntas para la defensa a\u00e9rea. Pa\u00edses como Portugal, Hungr\u00eda y ahora Suecia apuestan por este modelo de Embraer, que ya suma ocho clientes confirmados, incluyendo Brasil, Corea del Sur y la Rep\u00fablica Checa. Este auge no es casualidad; el C-390 llena un vac\u00edo dejado por modelos m\u00e1s antiguos como el C-130 Hercules, ofreciendo mayor capacidad de carga y eficiencia operativa a menor costo.<\/p>\n<p style=\"text-align: justify;\">Hist\u00f3ricamente, Suecia ha priorizado una defensa robusta pero flexible, adapt\u00e1ndose a su posici\u00f3n geopol\u00edtica en el norte de Europa. La elecci\u00f3n del C-390 refleja esta filosof\u00eda, aline\u00e1ndose con la necesidad de interoperabilidad dentro de la OTAN y con aliados cercanos. Comparado con adquisiciones pasadas, como los Saab Gripen, este paso ampl\u00eda el enfoque sueco hacia el transporte militar estrat\u00e9gico.<\/p>\n<p style=\"text-align: justify;\"><strong>Beneficios para la Fuerza A\u00e9rea Sueca y sinergias europeas<\/strong><\/p>\n<blockquote>\n<p style=\"text-align: justify;\">Bosco da Costa Junior subray\u00f3: \u201cEsta decisi\u00f3n fortalece las capacidades operativas de Suecia y fomenta la colaboraci\u00f3n europea en entrenamiento y soporte t\u00e9cnico\u201d. La llegada de los cuatro C-390 no solo modernizar\u00e1 la flota sueca, sino que tambi\u00e9n optimizar\u00e1 costos log\u00edsticos gracias a la estandarizaci\u00f3n con Pa\u00edses Bajos y Austria.<\/p>\n<\/blockquote>\n<ul>\n<li style=\"text-align: justify;\">Ventajas t\u00e9cnicas: Mayor alcance y velocidad que competidores directos.<\/li>\n<li style=\"text-align: justify;\">Interoperabilidad: Facilita operaciones conjuntas con fuerzas de la OTAN.<\/li>\n<li style=\"text-align: justify;\">Sostenibilidad: Menor consumo de combustible en comparaci\u00f3n con modelos tradicionales.<\/li>\n<\/ul>\n<p>\u00bfPodr\u00eda esta alianza inspirar a otros pa\u00edses n\u00f3rdicos a sumarse al programa C-390? El impacto en la regi\u00f3n podr\u00eda ser significativo.<\/p>\n<figure id=\"attachment_1328\" aria-describedby=\"caption-attachment-1328\" style=\"width: 620px\" class=\"wp-caption aligncenter\"><img loading=\"lazy\" decoding=\"async\" class=\"wp-image-1328\" src=\"http:\/\/aviacionguayaquil.com\/wp-content\/uploads\/2025\/04\/Sweden-confirms-acquisition-of-four-C-390-Millennium-and-secures-production-300x200.jpeg\" alt=\"\" width=\"620\" height=\"413\" srcset=\"https:\/\/aviacionguayaquil.com\/wp-content\/uploads\/2025\/04\/Sweden-confirms-acquisition-of-four-C-390-Millennium-and-secures-production-300x200.jpeg 300w, https:\/\/aviacionguayaquil.com\/wp-content\/uploads\/2025\/04\/Sweden-confirms-acquisition-of-four-C-390-Millennium-and-secures-production-1024x683.jpeg 1024w, https:\/\/aviacionguayaquil.com\/wp-content\/uploads\/2025\/04\/Sweden-confirms-acquisition-of-four-C-390-Millennium-and-secures-production-768x512.jpeg 768w, https:\/\/aviacionguayaquil.com\/wp-content\/uploads\/2025\/04\/Sweden-confirms-acquisition-of-four-C-390-Millennium-and-secures-production-1536x1024.jpeg 1536w, https:\/\/aviacionguayaquil.com\/wp-content\/uploads\/2025\/04\/Sweden-confirms-acquisition-of-four-C-390-Millennium-and-secures-production.jpeg 1620w\" sizes=\"auto, (max-width: 620px) 100vw, 620px\" \/><figcaption id=\"caption-attachment-1328\" class=\"wp-caption-text\">Frederico Lemos CCO, Embraer, Defensa y Seguridad, Peter Sandwall, Secretario de Estado del Ministro de Defensa de Suecia y Bosco da Costa Junior, presidente y CEO de Embraer Defensa y Seguridad, y la Sra. Karin Wallensteen, Embajadora de Suecia en Brasil.<\/figcaption><\/figure>\n<p style=\"text-align: justify;\"><strong>El futuro de la aviaci\u00f3n militar: \u00bfQu\u00e9 sigue para Suecia?<\/strong><\/p>\n<p style=\"text-align: justify;\">Con esta adquisici\u00f3n, Suecia se posiciona como un actor clave en la evoluci\u00f3n de la aviaci\u00f3n militar moderna. El C-390 Millennium no solo responde a necesidades actuales, sino que anticipa desaf\u00edos futuros, desde operaciones humanitarias en crisis globales hasta misiones t\u00e1cticas en zonas de conflicto. Su dise\u00f1o multimisi\u00f3n lo convierte en un activo invaluable para una Fuerza A\u00e9rea que busca flexibilidad sin sacrificar potencia.<\/p>\n","protected":false},"excerpt":{"rendered":"<p>En un anuncio hist\u00f3rico durante la feria LAAD Defence &amp; Security 2025, Suecia ha sellado su compromiso con Embraer, l\u00edder mundial en la industria aeroespacial, para adquirir cuatro aviones C-390 Millennium. Este acuerdo asegura a Suecia plazas clave en la l\u00ednea de producci\u00f3n de estas aeronaves multimisi\u00f3n, marcando un paso decisivo en la modernizaci\u00f3n de [&hellip;]<\/p>\n","protected":false},"author":1,"featured_media":1327,"comment_status":"open","ping_status":"open","sticky":true,"template":"","format":"standard","meta":{"om_disable_all_campaigns":false,"_monsterinsights_skip_tracking":false,"_monsterinsights_sitenote_active":false,"_monsterinsights_sitenote_note":"","_monsterinsights_sitenote_category":0,"_uf_show_specific_survey":0,"_uf_disable_surveys":false,"footnotes":""},"categories":[16],"tags":[945,88,947,54,946],"class_list":["post-1326","post","type-post","status-publish","format-standard","has-post-thumbnail","hentry","category-militar","tag-c-390-millenium","tag-embraer","tag-laad-defense-security-2025","tag-news","tag-suecia"],"_links":{"self":[{"href":"https:\/\/aviacionguayaquil.com\/index.php\/wp-json\/wp\/v2\/posts\/1326","targetHints":{"allow":["GET"]}}],"collection":[{"href":"https:\/\/aviacionguayaquil.com\/index.php\/wp-json\/wp\/v2\/posts"}],"about":[{"href":"https:\/\/aviacionguayaquil.com\/index.php\/wp-json\/wp\/v2\/types\/post"}],"author":[{"embeddable":true,"href":"https:\/\/aviacionguayaquil.com\/index.php\/wp-json\/wp\/v2\/users\/1"}],"replies":[{"embeddable":true,"href":"https:\/\/aviacionguayaquil.com\/index.php\/wp-json\/wp\/v2\/comments?post=1326"}],"version-history":[{"count":1,"href":"https:\/\/aviacionguayaquil.com\/index.php\/wp-json\/wp\/v2\/posts\/1326\/revisions"}],"predecessor-version":[{"id":1329,"href":"https:\/\/aviacionguayaquil.com\/index.php\/wp-json\/wp\/v2\/posts\/1326\/revisions\/1329"}],"wp:featuredmedia":[{"embeddable":true,"href":"https:\/\/aviacionguayaquil.com\/index.php\/wp-json\/wp\/v2\/media\/1327"}],"wp:attachment":[{"href":"https:\/\/aviacionguayaquil.com\/index.php\/wp-json\/wp\/v2\/media?parent=1326"}],"wp:term":[{"taxonomy":"category","embeddable":true,"href":"https:\/\/aviacionguayaquil.com\/index.php\/wp-json\/wp\/v2\/categories?post=1326"},{"taxonomy":"post_tag","embeddable":true,"href":"https:\/\/aviacionguayaquil.com\/index.php\/wp-json\/wp\/v2\/tags?post=1326"}],"curies":[{"name":"wp","href":"https:\/\/api.w.org\/{rel}","templated":true}]}}