{"id":1426,"date":"2025-06-17T11:51:22","date_gmt":"2025-06-17T16:51:22","guid":{"rendered":"https:\/\/aviacionguayaquil.com\/?p=1426"},"modified":"2025-06-17T11:51:24","modified_gmt":"2025-06-17T16:51:24","slug":"latam-es-elegida-la-mejor-aerolinea-de-sudamerica-en-los-apex-awards-2025","status":"publish","type":"post","link":"https:\/\/aviacionguayaquil.com\/index.php\/2025\/06\/17\/latam-es-elegida-la-mejor-aerolinea-de-sudamerica-en-los-apex-awards-2025\/","title":{"rendered":"LATAM es elegida la mejor aerol\u00ednea de Sudam\u00e9rica en los APEX Awards 2025"},"content":{"rendered":"<p style=\"text-align: justify;\"><a href=\"https:\/\/www.latamairlines.com\/ec\/es\" target=\"_blank\" rel=\"noopener\">LATAM Airlines Group<\/a> ha sido distinguida como la Mejor Aerol\u00ednea de Sudam\u00e9rica en los prestigiosos <a href=\"https:\/\/apex.aero\/\" target=\"_blank\" rel=\"noopener\">APEX Best Awards 2025<\/a>, celebrados recientemente en Dubl\u00edn, Irlanda. Este reconocimiento, otorgado a trav\u00e9s de las opiniones verificadas de m\u00e1s de un mill\u00f3n de pasajeros en la plataforma TripIt, destaca los avances significativos de LATAM en calidad de servicio, comodidad y tecnolog\u00eda a bordo.<\/p>\n<p style=\"text-align: justify;\">Este galard\u00f3n no solo reafirma el posicionamiento de LATAM como l\u00edder en el sector aeron\u00e1utico regional, sino que tambi\u00e9n refleja la evoluci\u00f3n de su propuesta de valor centrada en el cliente.<\/p>\n<p style=\"text-align: justify;\"><strong>Innovaci\u00f3n en cabinas: comodidad y exclusividad a bordo<\/strong><\/p>\n<p style=\"text-align: justify;\">Uno de los factores clave en la obtenci\u00f3n de este premio fue la renovaci\u00f3n y diferenciaci\u00f3n de sus cabinas:<\/p>\n<ul>\n<li style=\"text-align: justify;\">Premium Business: LATAM ha incorporado cabinas de clase ejecutiva m\u00e1s privadas y confortables, equipadas con puertas individuales, siendo pionera en Sudam\u00e9rica en este dise\u00f1o.<\/li>\n<li style=\"text-align: justify;\">Premium Economy: Con el asiento central bloqueado y mayor espacio personal, esta clase ofrece una experiencia superior dentro de los vuelos de corta y media distancia.<\/li>\n<\/ul>\n<p style=\"text-align: justify;\">Adem\u00e1s, la aerol\u00ednea ha desplegado WiFi a bordo en m\u00e1s del 90% de su flota narrow-body, brindando conectividad en tiempo real, una tendencia cada vez m\u00e1s valorada por los pasajeros frecuentes.<\/p>\n<p style=\"text-align: justify;\"><strong>Servicios exclusivos en tierra: experiencia premium desde el check-in<\/strong><\/p>\n<p style=\"text-align: justify;\">LATAM no solo ha invertido en el interior de sus aeronaves. Sus lounges VIP, especialmente el de Santiago de Chile el m\u00e1s grande de Am\u00e9rica Latina, han sido destacados por su dise\u00f1o, servicios y funcionalidad. Asimismo, el Signature Check-In, disponible en aeropuertos clave como S\u00e3o Paulo y Santiago, brinda un proceso de embarque exclusivo y sin fricciones para socios Black y Black Signature del programa LATAM Pass.<\/p>\n<p style=\"text-align: justify;\"><strong>Alianzas estrat\u00e9gicas: gastronom\u00eda y movilidad de primer nivel<\/strong><\/p>\n<p style=\"text-align: justify;\">La propuesta de valor de LATAM se fortalece con colaboraciones regionales:<\/p>\n<ul>\n<li style=\"text-align: justify;\">Programa \u201cSabores que Transportan\u201d: Chefs reconocidos de Brasil y Per\u00fa han dise\u00f1ado men\u00fas que elevan la gastronom\u00eda a bordo, una tendencia en crecimiento entre aerol\u00edneas globales.<\/li>\n<li style=\"text-align: justify;\">Acuerdo con Audi: En Brasil, los pasajeros de categor\u00eda Black Signature que vuelan desde el aeropuerto de Congonhas, S\u00e3o Paulo, pueden acceder a un exclusivo servicio de traslado en veh\u00edculos el\u00e9ctricos Audi hacia las puertas remotas del terminal.<\/li>\n<\/ul>\n<p style=\"text-align: justify;\"><strong>Desempe\u00f1o sostenido y excelencia operacional<\/strong><\/p>\n<p style=\"text-align: justify;\">LATAM ha sido consistentemente reconocida por APEX desde 2018, consolidando una trayectoria de mejora continua. En paralelo, tambi\u00e9n ha recibido recientemente el premio al Mejor Dise\u00f1o de Cabina por los<a href=\"https:\/\/www.pax-intl.com\/\" target=\"_blank\" rel=\"noopener\"> PAX International Awards 2025<\/a> y se ubic\u00f3 en cuarto lugar a nivel mundial en puntualidad seg\u00fan el informe \u00abOn-Time Performance (OTP) Review 2024\u00bb, siendo la \u00fanica aerol\u00ednea sudamericana entre las cinco mejores del mundo en la categor\u00eda de Aerol\u00edneas Globales.<\/p>\n<p style=\"text-align: justify;\"><strong>LATAM: una flota moderna y conectada con la regi\u00f3n<\/strong><\/p>\n<p style=\"text-align: justify;\">LATAM Airlines Group opera con una de las flotas m\u00e1s diversificadas y modernas de la regi\u00f3n, compuesta por aviones de fuselaje ancho y estrecho:<\/p>\n<ul>\n<li style=\"text-align: justify;\">Wide-body: Boeing 767, 777 y 787 Dreamliner.<\/li>\n<li style=\"text-align: justify;\">Narrow-body: Airbus A319, A320, A320Neo, A321 y A321Neo.<\/li>\n<li style=\"text-align: justify;\">Operaciones temporales: Airbus A330 en r\u00e9gimen de arrendamiento para vuelos espec\u00edficos.<\/li>\n<\/ul>\n<p style=\"text-align: justify;\">En el segmento de carga, LATAM Cargo y sus filiales en Colombia y Brasil gestionan una flota dedicada de 20 aeronaves cargueras, operando en rutas exclusivas y en la red comercial de pasajeros del grupo, con una oferta integral y especializada para log\u00edstica a\u00e9rea.<\/p>\n<p style=\"text-align: justify;\"><strong>Perspectiva hacia el futuro: sostenibilidad, tecnolog\u00eda y experiencia<\/strong><\/p>\n<p style=\"text-align: justify;\">El reconocimiento en los APEX Awards no solo valida los esfuerzos actuales, sino que proyecta a LATAM como un referente regional en innovaci\u00f3n y sostenibilidad a\u00e9rea. Su compromiso con el cliente, la tecnolog\u00eda y el medio ambiente seguir\u00e1 marcando el rumbo del transporte a\u00e9reo sudamericano.<\/p>\n<p style=\"text-align: justify;\">\n","protected":false},"excerpt":{"rendered":"<p>LATAM Airlines Group ha sido distinguida como la Mejor Aerol\u00ednea de Sudam\u00e9rica en los prestigiosos APEX Best Awards 2025, celebrados recientemente en Dubl\u00edn, Irlanda. Este reconocimiento, otorgado a trav\u00e9s de las opiniones verificadas de m\u00e1s de un mill\u00f3n de pasajeros en la plataforma TripIt, destaca los avances significativos de LATAM en calidad de servicio, comodidad [&hellip;]<\/p>\n","protected":false},"author":1,"featured_media":1427,"comment_status":"open","ping_status":"open","sticky":true,"template":"","format":"standard","meta":{"om_disable_all_campaigns":false,"_monsterinsights_skip_tracking":false,"_monsterinsights_sitenote_active":false,"_monsterinsights_sitenote_note":"","_monsterinsights_sitenote_category":0,"_uf_show_specific_survey":0,"_uf_disable_surveys":false,"footnotes":""},"categories":[19],"tags":[989,988,79],"class_list":["post-1426","post","type-post","status-publish","format-standard","has-post-thumbnail","hentry","category-aerolineas","tag-apex","tag-apex-best-awards-2025","tag-latam-airlines"],"_links":{"self":[{"href":"https:\/\/aviacionguayaquil.com\/index.php\/wp-json\/wp\/v2\/posts\/1426","targetHints":{"allow":["GET"]}}],"collection":[{"href":"https:\/\/aviacionguayaquil.com\/index.php\/wp-json\/wp\/v2\/posts"}],"about":[{"href":"https:\/\/aviacionguayaquil.com\/index.php\/wp-json\/wp\/v2\/types\/post"}],"author":[{"embeddable":true,"href":"https:\/\/aviacionguayaquil.com\/index.php\/wp-json\/wp\/v2\/users\/1"}],"replies":[{"embeddable":true,"href":"https:\/\/aviacionguayaquil.com\/index.php\/wp-json\/wp\/v2\/comments?post=1426"}],"version-history":[{"count":1,"href":"https:\/\/aviacionguayaquil.com\/index.php\/wp-json\/wp\/v2\/posts\/1426\/revisions"}],"predecessor-version":[{"id":1428,"href":"https:\/\/aviacionguayaquil.com\/index.php\/wp-json\/wp\/v2\/posts\/1426\/revisions\/1428"}],"wp:featuredmedia":[{"embeddable":true,"href":"https:\/\/aviacionguayaquil.com\/index.php\/wp-json\/wp\/v2\/media\/1427"}],"wp:attachment":[{"href":"https:\/\/aviacionguayaquil.com\/index.php\/wp-json\/wp\/v2\/media?parent=1426"}],"wp:term":[{"taxonomy":"category","embeddable":true,"href":"https:\/\/aviacionguayaquil.com\/index.php\/wp-json\/wp\/v2\/categories?post=1426"},{"taxonomy":"post_tag","embeddable":true,"href":"https:\/\/aviacionguayaquil.com\/index.php\/wp-json\/wp\/v2\/tags?post=1426"}],"curies":[{"name":"wp","href":"https:\/\/api.w.org\/{rel}","templated":true}]}}