{"id":1442,"date":"2025-06-19T13:29:28","date_gmt":"2025-06-19T18:29:28","guid":{"rendered":"https:\/\/aviacionguayaquil.com\/?p=1442"},"modified":"2025-06-19T13:29:29","modified_gmt":"2025-06-19T18:29:29","slug":"atr-pratt-whitney","status":"publish","type":"post","link":"https:\/\/aviacionguayaquil.com\/index.php\/2025\/06\/19\/atr-pratt-whitney\/","title":{"rendered":"ATR y Pratt &amp; Whitney Canad\u00e1 impulsan el futuro de la aviaci\u00f3n regional con nueva tecnolog\u00eda de propulsi\u00f3n"},"content":{"rendered":"<p style=\"text-align: justify;\"><em><strong>ATR y Pratt &amp; Whitney Canad\u00e1 han anunciado una nueva colaboraci\u00f3n estrat\u00e9gica para desarrollar tecnolog\u00edas de propulsi\u00f3n avanzadas que definir\u00e1n la pr\u00f3xima generaci\u00f3n de aviones regionales, incluyendo el esperado concepto ATR \u2018EVO\u2019.<\/strong><\/em><\/p>\n<p style=\"text-align: justify;\">En el marco del Paris Air Show 2025,<a href=\"https:\/\/www.atr-aircraft.com\/about\/who-we-are\/?gad_source=1&amp;gad_campaignid=20707947803&amp;gbraid=0AAAAAp5h5CgVy_txyXl9kcCddpLfU_3jX&amp;gclid=CjwKCAjw6s7CBhACEiwAuHQckhHqnqwCW4Y58zAxaCa6JVopuwJAF-8Rk3fmNgdKf5bj9yXN4qFtLRoC3TIQAvD_BwE\" target=\"_blank\" rel=\"noopener\"> ATR<\/a> y <a href=\"https:\/\/www.prattwhitney.com\/\" target=\"_blank\" rel=\"noopener\">Pratt &amp; Whitney Canad\u00e1<\/a>, una divisi\u00f3n de RTX, confirmaron su compromiso de evolucionar la aviaci\u00f3n regional hacia una operaci\u00f3n m\u00e1s sostenible, eficiente y rentable. La colaboraci\u00f3n se centrar\u00e1 en perfeccionar el rendimiento de los motores <a href=\"https:\/\/www.atr-aircraft.com\/innovation\/pw127xt-engine\/?_gl=1*sw4eh3*_up*MQ..*_gs*MQ..&amp;gclid=CjwKCAjw6s7CBhACEiwAuHQckvtYuVB2-GbBfVEsTyT_k308SMWOcpd7LBwsNhRFtZotItVQvNRRIhoCwTsQAvD_BwE&amp;gbraid=0AAAAAp5h5CgVy_txyXl9kcCddpLfU_3jX\" target=\"_blank\" rel=\"noopener\">PW127XT<\/a>, utilizados actualmente por m\u00e1s de 60 aeronaves ATR, y explorar nuevas tecnolog\u00edas que podr\u00edan incluir propulsi\u00f3n h\u00edbrido-el\u00e9ctrica.<\/p>\n<p style=\"text-align: justify;\"><strong>Tecnolog\u00eda para un nuevo est\u00e1ndar en la aviaci\u00f3n regional<\/strong><\/p>\n<p style=\"text-align: justify;\">El objetivo principal es seguir optimizando el motor <a href=\"https:\/\/www.atr-aircraft.com\/innovation\/pw127xt-engine\/?_gl=1*sw4eh3*_up*MQ..*_gs*MQ..&amp;gclid=CjwKCAjw6s7CBhACEiwAuHQckvtYuVB2-GbBfVEsTyT_k308SMWOcpd7LBwsNhRFtZotItVQvNRRIhoCwTsQAvD_BwE&amp;gbraid=0AAAAAp5h5CgVy_txyXl9kcCddpLfU_3jX\" target=\"_blank\" rel=\"noopener\">PW127XT<\/a>, que ya ha demostrado mejoras clave:<\/p>\n<ul>\n<li style=\"text-align: justify;\">40% m\u00e1s tiempo en ala<\/li>\n<li style=\"text-align: justify;\">20% menos en costos de mantenimiento<\/li>\n<li style=\"text-align: justify;\">Al menos 3% en eficiencia de combustible<\/li>\n<\/ul>\n<p style=\"text-align: justify;\">Estas cifras representan un salto significativo en la reducci\u00f3n de emisiones y costos operativos. Adem\u00e1s, los ingenieros de ambas compa\u00f1\u00edas trabajar\u00e1n en tres \u00e1reas clave:<\/p>\n<ul>\n<li style=\"text-align: justify;\">Eficiencia t\u00e9rmica, para reducir a\u00fan m\u00e1s el consumo de combustible.<\/li>\n<li style=\"text-align: justify;\">Materiales avanzados, para mayor durabilidad y fiabilidad.<\/li>\n<li style=\"text-align: justify;\">Aerodin\u00e1mica refinada, optimizando la integraci\u00f3n entre motor, g\u00f3ndola y fuselaje.<\/li>\n<\/ul>\n<p><strong>Propulsi\u00f3n h\u00edbrido-el\u00e9ctrica en estudio<\/strong><\/p>\n<p style=\"text-align: justify;\">Como parte del desarrollo del concepto <a href=\"https:\/\/www.atr-aircraft.com\/innovation\/atr-evo-concept\/?_gl=1*c4ybux*_up*MQ..*_gs*MQ..&amp;gclid=CjwKCAjw6s7CBhACEiwAuHQckvtYuVB2-GbBfVEsTyT_k308SMWOcpd7LBwsNhRFtZotItVQvNRRIhoCwTsQAvD_BwE&amp;gbraid=0AAAAAp5h5CgVy_txyXl9kcCddpLfU_3jX\" target=\"_blank\" rel=\"noopener\">ATR \u2018EVO\u2019<\/a>, se evaluar\u00e1 la viabilidad de integrar propulsi\u00f3n h\u00edbrido-el\u00e9ctrica. Esta tecnolog\u00eda disruptiva podr\u00eda transformar completamente la operaci\u00f3n de aviones regionales, aprovechando lo mejor de la energ\u00eda el\u00e9ctrica sin comprometer la autonom\u00eda.<\/p>\n<p style=\"text-align: justify;\">Actualmente, m\u00e1s de 1.300 aviones ATR est\u00e1n en operaci\u00f3n con motores de Pratt &amp; Whitney Canad\u00e1, lo que demuestra la fiabilidad y la madurez del sistema en diversas condiciones operativas alrededor del mundo.<\/p>\n<p><img loading=\"lazy\" decoding=\"async\" class=\"aligncenter size-large wp-image-1443\" src=\"http:\/\/aviacionguayaquil.com\/wp-content\/uploads\/2025\/06\/ATR-EVO-PW-logo-full-1-1536x810-1-1024x540.png\" alt=\"\" width=\"640\" height=\"338\" srcset=\"https:\/\/aviacionguayaquil.com\/wp-content\/uploads\/2025\/06\/ATR-EVO-PW-logo-full-1-1536x810-1-1024x540.png 1024w, https:\/\/aviacionguayaquil.com\/wp-content\/uploads\/2025\/06\/ATR-EVO-PW-logo-full-1-1536x810-1-300x158.png 300w, https:\/\/aviacionguayaquil.com\/wp-content\/uploads\/2025\/06\/ATR-EVO-PW-logo-full-1-1536x810-1-768x405.png 768w, https:\/\/aviacionguayaquil.com\/wp-content\/uploads\/2025\/06\/ATR-EVO-PW-logo-full-1-1536x810-1.png 1536w\" sizes=\"auto, (max-width: 640px) 100vw, 640px\" \/><\/p>\n<p style=\"text-align: justify;\"><strong>Voces de la industria<\/strong><\/p>\n<p style=\"text-align: justify;\">Nathalie Tarnaud Laude, CEO de ATR, subray\u00f3:<\/p>\n<blockquote>\n<p style=\"text-align: justify;\">\u201cEstamos sentando las bases tecnol\u00f3gicas para la pr\u00f3xima generaci\u00f3n de aeronaves regionales. Esta alianza es clave en nuestro estudio de viabilidad del ATR \u2018EVO\u2019.\u201d<\/p>\n<\/blockquote>\n<p style=\"text-align: justify;\">Maria Della Posta, presidenta de Pratt &amp; Whitney Canad\u00e1, a\u00f1adi\u00f3:<\/p>\n<blockquote>\n<p style=\"text-align: justify;\">\u201cDespu\u00e9s de m\u00e1s de 40 a\u00f1os colaborando con ATR, seguimos comprometidos con liderar el segmento regional turboprop y acompa\u00f1ar a los operadores con soluciones cada vez m\u00e1s sostenibles.\u201d<\/p>\n<\/blockquote>\n<p style=\"text-align: justify;\">La alianza entre ATR y Pratt &amp; Whitney Canad\u00e1 marca un hito en la evoluci\u00f3n del transporte a\u00e9reo regional. Esta apuesta por tecnolog\u00edas limpias, eficientes y disruptivas refuerza el liderazgo de ambas compa\u00f1\u00edas en un segmento que necesita avanzar hacia la descarbonizaci\u00f3n sin comprometer la viabilidad econ\u00f3mica.<\/p>\n","protected":false},"excerpt":{"rendered":"<p>ATR y Pratt &amp; Whitney Canad\u00e1 han anunciado una nueva colaboraci\u00f3n estrat\u00e9gica para desarrollar tecnolog\u00edas de propulsi\u00f3n avanzadas que definir\u00e1n la pr\u00f3xima generaci\u00f3n de aviones regionales, incluyendo el esperado concepto ATR \u2018EVO\u2019. En el marco del Paris Air Show 2025, ATR y Pratt &amp; Whitney Canad\u00e1, una divisi\u00f3n de RTX, confirmaron su compromiso de evolucionar [&hellip;]<\/p>\n","protected":false},"author":1,"featured_media":1444,"comment_status":"open","ping_status":"open","sticky":true,"template":"","format":"standard","meta":{"om_disable_all_campaigns":false,"_monsterinsights_skip_tracking":false,"_monsterinsights_sitenote_active":false,"_monsterinsights_sitenote_note":"","_monsterinsights_sitenote_category":0,"_uf_show_specific_survey":0,"_uf_disable_surveys":false,"footnotes":""},"categories":[20],"tags":[997,1000,998,1001,999],"class_list":["post-1442","post","type-post","status-publish","format-standard","has-post-thumbnail","hentry","category-industria","tag-atr","tag-aviacion-regional","tag-pratt-whitney-canada","tag-propulsion-hibrido-electrica","tag-pw127xt"],"_links":{"self":[{"href":"https:\/\/aviacionguayaquil.com\/index.php\/wp-json\/wp\/v2\/posts\/1442","targetHints":{"allow":["GET"]}}],"collection":[{"href":"https:\/\/aviacionguayaquil.com\/index.php\/wp-json\/wp\/v2\/posts"}],"about":[{"href":"https:\/\/aviacionguayaquil.com\/index.php\/wp-json\/wp\/v2\/types\/post"}],"author":[{"embeddable":true,"href":"https:\/\/aviacionguayaquil.com\/index.php\/wp-json\/wp\/v2\/users\/1"}],"replies":[{"embeddable":true,"href":"https:\/\/aviacionguayaquil.com\/index.php\/wp-json\/wp\/v2\/comments?post=1442"}],"version-history":[{"count":1,"href":"https:\/\/aviacionguayaquil.com\/index.php\/wp-json\/wp\/v2\/posts\/1442\/revisions"}],"predecessor-version":[{"id":1445,"href":"https:\/\/aviacionguayaquil.com\/index.php\/wp-json\/wp\/v2\/posts\/1442\/revisions\/1445"}],"wp:featuredmedia":[{"embeddable":true,"href":"https:\/\/aviacionguayaquil.com\/index.php\/wp-json\/wp\/v2\/media\/1444"}],"wp:attachment":[{"href":"https:\/\/aviacionguayaquil.com\/index.php\/wp-json\/wp\/v2\/media?parent=1442"}],"wp:term":[{"taxonomy":"category","embeddable":true,"href":"https:\/\/aviacionguayaquil.com\/index.php\/wp-json\/wp\/v2\/categories?post=1442"},{"taxonomy":"post_tag","embeddable":true,"href":"https:\/\/aviacionguayaquil.com\/index.php\/wp-json\/wp\/v2\/tags?post=1442"}],"curies":[{"name":"wp","href":"https:\/\/api.w.org\/{rel}","templated":true}]}}