{"id":1446,"date":"2025-06-19T14:55:33","date_gmt":"2025-06-19T19:55:33","guid":{"rendered":"https:\/\/aviacionguayaquil.com\/?p=1446"},"modified":"2025-06-19T15:12:23","modified_gmt":"2025-06-19T20:12:23","slug":"mng-airlines-airbus-a350f","status":"publish","type":"post","link":"https:\/\/aviacionguayaquil.com\/index.php\/2025\/06\/19\/mng-airlines-airbus-a350f\/","title":{"rendered":"MNG Airlines apuesta por el A350F: eficiencia, sostenibilidad y expansi\u00f3n global"},"content":{"rendered":"<p style=\"text-align: justify;\"><em><strong>La aerol\u00ednea turca MNG Airlines firm\u00f3 un memorando de entendimiento con Airbus para incorporar dos cargueros A350F a su flota, marcando un nuevo hito en la transformaci\u00f3n del transporte a\u00e9reo de carga.<\/strong><\/em><\/p>\n<p style=\"text-align: justify;\"><strong>Una alianza estrat\u00e9gica que mira al futuro<\/strong><\/p>\n<p style=\"text-align: justify;\">Desde Par\u00eds, Airbus anunci\u00f3 que MNG Airlines, operador log\u00edstico con sede en T\u00fcrkiye, se suma al grupo de aerol\u00edneas que conf\u00edan en el Airbus A350F, el carguero de nueva generaci\u00f3n dise\u00f1ado para redefinir la eficiencia operativa y la sostenibilidad ambiental en el mercado de carga a\u00e9rea.<\/p>\n<p style=\"text-align: justify;\">El acuerdo, formalizado mediante un Memorando de Entendimiento (MoU) por dos unidades, representa una decisi\u00f3n estrat\u00e9gica para consolidar las operaciones de MNG en corredores comerciales clave como Europa, Medio Oriente, Asia y Am\u00e9rica del Norte, tanto en vuelos regulares como ch\u00e1rter.<\/p>\n<p style=\"text-align: justify;\"><strong>Ventajas t\u00e9cnicas del A350F: dise\u00f1o de nueva era<\/strong><\/p>\n<p style=\"text-align: justify;\">El A350F es el primer carguero de nueva generaci\u00f3n que cumple por completo con los est\u00e1ndares de emisiones de CO\u2082 de la OACI para 2027. Su estructura ligera, compuesta en m\u00e1s del 70\u202f% por materiales avanzados, le permite ser 46 toneladas m\u00e1s liviano que sus competidores.<\/p>\n<p style=\"text-align: justify;\">Entre sus caracter\u00edsticas destacan:<\/p>\n<ul>\n<li style=\"text-align: justify;\">Carga \u00fatil m\u00e1xima: hasta 111 toneladas.<\/li>\n<li style=\"text-align: justify;\">Alcance: 8.700 km.<\/li>\n<li style=\"text-align: justify;\">Motorizaci\u00f3n: Rolls-Royce Trent XWB-97.<\/li>\n<li style=\"text-align: justify;\">Reducci\u00f3n de emisiones: hasta un 40\u202f% menos de combustible y CO\u2082.<\/li>\n<li style=\"text-align: justify;\">Puerta de carga principal: la m\u00e1s grande de la industria.<\/li>\n<li style=\"text-align: justify;\">Capacidad para operar con SAF: 50\u202f% al momento de su entrada en servicio, con visi\u00f3n 100\u202f% a 2030.<\/li>\n<\/ul>\n<p style=\"text-align: justify;\">Estos atributos lo convierten en la elecci\u00f3n ideal para el mercado moderno, especialmente ante el crecimiento del comercio electr\u00f3nico y la necesidad de transportar carga de alto valor o cr\u00edtica.<\/p>\n<p><img loading=\"lazy\" decoding=\"async\" class=\"aligncenter size-large wp-image-1448\" src=\"http:\/\/aviacionguayaquil.com\/wp-content\/uploads\/2025\/06\/ground_a350f_open_largest_cargo_door-1024x576.webp\" alt=\"\" width=\"640\" height=\"360\" srcset=\"https:\/\/aviacionguayaquil.com\/wp-content\/uploads\/2025\/06\/ground_a350f_open_largest_cargo_door-1024x576.webp 1024w, https:\/\/aviacionguayaquil.com\/wp-content\/uploads\/2025\/06\/ground_a350f_open_largest_cargo_door-300x169.webp 300w, https:\/\/aviacionguayaquil.com\/wp-content\/uploads\/2025\/06\/ground_a350f_open_largest_cargo_door-768x432.webp 768w, https:\/\/aviacionguayaquil.com\/wp-content\/uploads\/2025\/06\/ground_a350f_open_largest_cargo_door-1536x864.webp 1536w, https:\/\/aviacionguayaquil.com\/wp-content\/uploads\/2025\/06\/ground_a350f_open_largest_cargo_door-2048x1152.webp 2048w\" sizes=\"auto, (max-width: 640px) 100vw, 640px\" \/><\/p>\n<p style=\"text-align: justify;\"><strong>Airbus refuerza su liderazgo en el segmento carguero<\/strong><\/p>\n<blockquote>\n<p style=\"text-align: justify;\">Beno\u00eet de Saint-Exup\u00e9ry, Vicepresidente Ejecutivo de Ventas de Airbus, destac\u00f3 que el inter\u00e9s por el A350F es una clara se\u00f1al del cambio estructural que vive la industria: \u201cMNG Airlines se une a una lista creciente de operadores que buscan rendimiento, flexibilidad de carga y reducci\u00f3n de huella ambiental. Este carguero ofrecer\u00e1 niveles in\u00e9ditos de eficiencia\u201d.<\/p>\n<\/blockquote>\n<p style=\"text-align: justify;\">La decisi\u00f3n de MNG Airlines refuerza la tendencia global hacia flotas m\u00e1s modernas, sostenibles y adaptables. La incorporaci\u00f3n del A350F no solo ampliar\u00e1 la capacidad operativa de la aerol\u00ednea, sino que contribuir\u00e1 al objetivo com\u00fan de una aviaci\u00f3n m\u00e1s verde.<\/p>\n<p style=\"text-align: justify;\">\u00bfQu\u00e9 opinas sobre el impacto de cargueros como el A350F en el transporte de carga internacional? Comparte tu opini\u00f3n en nuestras redes y no te pierdas las pr\u00f3ximas entregas sobre innovaci\u00f3n y sostenibilidad en aviaci\u00f3n.<\/p>\n","protected":false},"excerpt":{"rendered":"<p>La aerol\u00ednea turca MNG Airlines firm\u00f3 un memorando de entendimiento con Airbus para incorporar dos cargueros A350F a su flota, marcando un nuevo hito en la transformaci\u00f3n del transporte a\u00e9reo de carga. Una alianza estrat\u00e9gica que mira al futuro Desde Par\u00eds, Airbus anunci\u00f3 que MNG Airlines, operador log\u00edstico con sede en T\u00fcrkiye, se suma al [&hellip;]<\/p>\n","protected":false},"author":1,"featured_media":1447,"comment_status":"open","ping_status":"open","sticky":true,"template":"","format":"standard","meta":{"om_disable_all_campaigns":false,"_monsterinsights_skip_tracking":false,"_monsterinsights_sitenote_active":false,"_monsterinsights_sitenote_note":"","_monsterinsights_sitenote_category":0,"_uf_show_specific_survey":0,"_uf_disable_surveys":false,"footnotes":""},"categories":[20],"tags":[252,22,314,1002,768],"class_list":["post-1446","post","type-post","status-publish","format-standard","has-post-thumbnail","hentry","category-industria","tag-a350f","tag-airbus","tag-eficiencia","tag-mng-airlines","tag-sostenibilidad-en-aviacion"],"_links":{"self":[{"href":"https:\/\/aviacionguayaquil.com\/index.php\/wp-json\/wp\/v2\/posts\/1446","targetHints":{"allow":["GET"]}}],"collection":[{"href":"https:\/\/aviacionguayaquil.com\/index.php\/wp-json\/wp\/v2\/posts"}],"about":[{"href":"https:\/\/aviacionguayaquil.com\/index.php\/wp-json\/wp\/v2\/types\/post"}],"author":[{"embeddable":true,"href":"https:\/\/aviacionguayaquil.com\/index.php\/wp-json\/wp\/v2\/users\/1"}],"replies":[{"embeddable":true,"href":"https:\/\/aviacionguayaquil.com\/index.php\/wp-json\/wp\/v2\/comments?post=1446"}],"version-history":[{"count":1,"href":"https:\/\/aviacionguayaquil.com\/index.php\/wp-json\/wp\/v2\/posts\/1446\/revisions"}],"predecessor-version":[{"id":1449,"href":"https:\/\/aviacionguayaquil.com\/index.php\/wp-json\/wp\/v2\/posts\/1446\/revisions\/1449"}],"wp:featuredmedia":[{"embeddable":true,"href":"https:\/\/aviacionguayaquil.com\/index.php\/wp-json\/wp\/v2\/media\/1447"}],"wp:attachment":[{"href":"https:\/\/aviacionguayaquil.com\/index.php\/wp-json\/wp\/v2\/media?parent=1446"}],"wp:term":[{"taxonomy":"category","embeddable":true,"href":"https:\/\/aviacionguayaquil.com\/index.php\/wp-json\/wp\/v2\/categories?post=1446"},{"taxonomy":"post_tag","embeddable":true,"href":"https:\/\/aviacionguayaquil.com\/index.php\/wp-json\/wp\/v2\/tags?post=1446"}],"curies":[{"name":"wp","href":"https:\/\/api.w.org\/{rel}","templated":true}]}}