{"id":1489,"date":"2025-08-15T12:36:38","date_gmt":"2025-08-15T17:36:38","guid":{"rendered":"https:\/\/aviacionguayaquil.com\/?p=1489"},"modified":"2025-08-15T12:36:40","modified_gmt":"2025-08-15T17:36:40","slug":"jetblue-expansion-florida-caribe-latinoamerica","status":"publish","type":"post","link":"https:\/\/aviacionguayaquil.com\/index.php\/2025\/08\/15\/jetblue-expansion-florida-caribe-latinoamerica\/","title":{"rendered":"JetBlue ampl\u00eda su red en Florida, Latinoam\u00e9rica y el Caribe"},"content":{"rendered":"<p style=\"text-align: justify;\">JetBlue anunci\u00f3 una nueva fase de expansi\u00f3n de rutas que refuerza su presencia en mercados clave de ocio, especialmente en Florida, el Caribe y Am\u00e9rica Latina. La aerol\u00ednea introducir\u00e1 servicios in\u00e9ditos hacia Vero Beach (VRB) y reanudar\u00e1 operaciones en Daytona Beach (DAB), adem\u00e1s de fortalecer la conectividad desde sus ciudades foco de Boston y Nueva York.<\/p>\n<p style=\"text-align: justify;\"><strong>Florida: nuevos destinos y regreso a mercados clave<\/strong><\/p>\n<p style=\"text-align: justify;\">A partir de diciembre de 2025, JetBlue volar\u00e1 por primera vez a Vero Beach con rutas diarias desde Boston (BOS) y Nueva York-JFK, con tarifas de lanzamiento desde 69 d\u00f3lares. La compa\u00f1\u00eda tambi\u00e9n retomar\u00e1 operaciones en Daytona Beach, ofreciendo un vuelo diario desde ambas ciudades con tarifas iniciales de 59 d\u00f3lares.<\/p>\n<blockquote>\n<p style=\"text-align: justify;\">\u201cFlorida sigue siendo un mercado donde nuestra propuesta de tarifas competitivas y servicio diferenciado tiene gran acogida\u201d, destac\u00f3 Dave Jehn, vicepresidente de planificaci\u00f3n de red y alianzas de JetBlue.<\/p>\n<\/blockquote>\n<p style=\"text-align: justify;\"><strong>La aerol\u00ednea tambi\u00e9n inaugurar\u00e1 nuevas conexiones internas:<\/strong><\/p>\n<ul>\n<li style=\"text-align: justify;\">Tampa (TPA) con Islip, NY (ISP) a partir del 19 de diciembre (4 veces por semana).<\/li>\n<li style=\"text-align: justify;\">Fort Myers (RSW) con Islip desde el 18 de diciembre (3 veces por semana).<\/li>\n<\/ul>\n<p style=\"text-align: justify;\">Con estas adiciones, JetBlue ampl\u00eda su red en la costa este de Estados Unidos y refuerza su rol como transportador preferente entre el noreste y Florida.<\/p>\n<p style=\"text-align: justify;\"><strong>M\u00e1s conectividad entre Florida y el Caribe<\/strong><\/p>\n<p style=\"text-align: justify;\">Dentro de su estrategia internacional, JetBlue lanzar\u00e1 rutas desde Florida hacia la Rep\u00fablica Dominicana:<\/p>\n<ul>\n<li style=\"text-align: justify;\">Tampa\u2013Punta Cana (PUJ), con un vuelo diario a partir del 18 de diciembre.<\/li>\n<li style=\"text-align: justify;\">Fort Lauderdale (FLL)\u2013Santiago de los Caballeros (STI), ruta estacional con un vuelo diario desde el 13 de diciembre hasta el 19 de enero de 2026.<\/li>\n<\/ul>\n<p style=\"text-align: justify;\">Estos servicios incrementan la oferta hacia el Caribe desde Florida, ofreciendo a los viajeros nuevas alternativas de acceso a destinos tur\u00edsticos de alta demanda.<\/p>\n<p style=\"text-align: justify;\"><strong>Boston: crecimiento en Latinoam\u00e9rica y el Caribe<\/strong><\/p>\n<p style=\"text-align: justify;\">Boston se consolida como el principal eje de expansi\u00f3n internacional de JetBlue este invierno. La aerol\u00ednea incrementar\u00e1 su frecuencia hasta operar vuelos diarios a:<\/p>\n<ul>\n<li style=\"text-align: justify;\">St. Thomas (STT).<\/li>\n<li style=\"text-align: justify;\">Liberia, Costa Rica (LIR).<\/li>\n<li style=\"text-align: justify;\">St. Maarten (SXM).<\/li>\n<li style=\"text-align: justify;\">Nassau, Bahamas (NAS).<\/li>\n<\/ul>\n<p style=\"text-align: justify;\">Asimismo, a\u00f1adir\u00e1 un segundo vuelo los s\u00e1bados a Grand Cayman (GCM) desde el 20 de diciembre y a Bridgetown, Barbados (BGI) a partir del 10 de enero de 2026.<\/p>\n<p style=\"text-align: justify;\">Con estas incorporaciones, JetBlue ofrecer\u00e1 la mayor cantidad de vuelos entre Boston y destinos de Florida, el Caribe y Latinoam\u00e9rica, superando ampliamente a sus competidores directos en n\u00famero de asientos disponibles.<\/p>\n<p style=\"text-align: justify;\"><strong>Estrategia de consolidaci\u00f3n<\/strong><\/p>\n<p style=\"text-align: justify;\">Esta expansi\u00f3n reafirma la estrategia de JetBlue de combinar tarifas accesibles con una mayor conectividad en mercados tur\u00edsticos clave. La aerol\u00ednea busca captar tanto a los viajeros del noreste estadounidense que buscan destinos de clima c\u00e1lido, como a los residentes de Florida y el Caribe que requieren opciones de viaje hacia el norte.<\/p>\n","protected":false},"excerpt":{"rendered":"<p>JetBlue anunci\u00f3 una nueva fase de expansi\u00f3n de rutas que refuerza su presencia en mercados clave de ocio, especialmente en Florida, el Caribe y Am\u00e9rica Latina. La aerol\u00ednea introducir\u00e1 servicios in\u00e9ditos hacia Vero Beach (VRB) y reanudar\u00e1 operaciones en Daytona Beach (DAB), adem\u00e1s de fortalecer la conectividad desde sus ciudades foco de Boston y Nueva [&hellip;]<\/p>\n","protected":false},"author":1,"featured_media":1490,"comment_status":"open","ping_status":"open","sticky":true,"template":"","format":"standard","meta":{"om_disable_all_campaigns":false,"_monsterinsights_skip_tracking":false,"_monsterinsights_sitenote_active":false,"_monsterinsights_sitenote_note":"","_monsterinsights_sitenote_category":0,"_uf_show_specific_survey":0,"_uf_disable_surveys":false,"footnotes":""},"categories":[19],"tags":[804,112,444,169,111,555],"class_list":["post-1489","post","type-post","status-publish","format-standard","has-post-thumbnail","hentry","category-aerolineas","tag-boston","tag-caribe","tag-expansion-de-rutas","tag-jetblue","tag-latinoamerica","tag-nueva-york"],"_links":{"self":[{"href":"https:\/\/aviacionguayaquil.com\/index.php\/wp-json\/wp\/v2\/posts\/1489","targetHints":{"allow":["GET"]}}],"collection":[{"href":"https:\/\/aviacionguayaquil.com\/index.php\/wp-json\/wp\/v2\/posts"}],"about":[{"href":"https:\/\/aviacionguayaquil.com\/index.php\/wp-json\/wp\/v2\/types\/post"}],"author":[{"embeddable":true,"href":"https:\/\/aviacionguayaquil.com\/index.php\/wp-json\/wp\/v2\/users\/1"}],"replies":[{"embeddable":true,"href":"https:\/\/aviacionguayaquil.com\/index.php\/wp-json\/wp\/v2\/comments?post=1489"}],"version-history":[{"count":1,"href":"https:\/\/aviacionguayaquil.com\/index.php\/wp-json\/wp\/v2\/posts\/1489\/revisions"}],"predecessor-version":[{"id":1491,"href":"https:\/\/aviacionguayaquil.com\/index.php\/wp-json\/wp\/v2\/posts\/1489\/revisions\/1491"}],"wp:featuredmedia":[{"embeddable":true,"href":"https:\/\/aviacionguayaquil.com\/index.php\/wp-json\/wp\/v2\/media\/1490"}],"wp:attachment":[{"href":"https:\/\/aviacionguayaquil.com\/index.php\/wp-json\/wp\/v2\/media?parent=1489"}],"wp:term":[{"taxonomy":"category","embeddable":true,"href":"https:\/\/aviacionguayaquil.com\/index.php\/wp-json\/wp\/v2\/categories?post=1489"},{"taxonomy":"post_tag","embeddable":true,"href":"https:\/\/aviacionguayaquil.com\/index.php\/wp-json\/wp\/v2\/tags?post=1489"}],"curies":[{"name":"wp","href":"https:\/\/api.w.org\/{rel}","templated":true}]}}