{"id":1495,"date":"2025-08-24T22:41:50","date_gmt":"2025-08-25T03:41:50","guid":{"rendered":"https:\/\/aviacionguayaquil.com\/?p=1495"},"modified":"2025-08-24T22:43:49","modified_gmt":"2025-08-25T03:43:49","slug":"latam-airlines-crecimiento-julio-2025","status":"publish","type":"post","link":"https:\/\/aviacionguayaquil.com\/index.php\/2025\/08\/24\/latam-airlines-crecimiento-julio-2025\/","title":{"rendered":"LATAM fortalece su operaci\u00f3n en julio con m\u00e1s pasajeros y mayor ocupaci\u00f3n"},"content":{"rendered":"<p style=\"text-align: justify;\">En julio de 2025, el grupo LATAM Airlines consolid\u00f3 un desempe\u00f1o positivo en sus operaciones de pasajeros y carga, confirmando su liderazgo en la regi\u00f3n. La compa\u00f1\u00eda transport\u00f3 cerca de 8 millones de pasajeros, lo que representa un incremento del 7,9% en comparaci\u00f3n con el mismo mes de 2024.<\/p>\n<p style=\"text-align: justify;\">Entre enero y julio, LATAM acumul\u00f3 49,5 millones de pasajeros movilizados, reflejando una recuperaci\u00f3n sostenida y una demanda creciente en los principales mercados latinoamericanos.<\/p>\n<p style=\"text-align: justify;\"><strong>Crecimiento de capacidad y eficiencia operativa<\/strong><\/p>\n<p style=\"text-align: justify;\">La capacidad consolidada del grupo, medida en asientos-kil\u00f3metros disponibles (ASK), registr\u00f3 un aumento del 10% interanual. En paralelo, el tr\u00e1fico de pasajeros (RPK) creci\u00f3 un 10,4%, lo que permiti\u00f3 alcanzar un s\u00f3lido factor de ocupaci\u00f3n del 86,7%, superando en 0,4 puntos porcentuales el desempe\u00f1o de julio de 2024.<\/p>\n<p style=\"text-align: justify;\"><strong>El impulso estuvo marcado por dos ejes:<\/strong><\/p>\n<ul>\n<li style=\"text-align: justify;\">Mercado internacional: incremento del 12,2% en la oferta, con rutas hacia Norteam\u00e9rica, Europa y otros destinos claves.<\/li>\n<li style=\"text-align: justify;\">Mercado dom\u00e9stico Brasil: crecimiento del 11,8%, confirmando el rol estrat\u00e9gico de S\u00e3o Paulo y otras ciudades brasile\u00f1as como hubs de conexi\u00f3n regional.<\/li>\n<\/ul>\n<p style=\"text-align: justify;\"><strong>Segmento de carga con tendencia positiva<\/strong><\/p>\n<p style=\"text-align: justify;\">La divisi\u00f3n de carga de LATAM tambi\u00e9n reflej\u00f3 un comportamiento favorable. La capacidad medida en toneladas-kil\u00f3metros disponibles (ATK) creci\u00f3 un 5,1%, alcanzando 703 millones de ATK en el mes. Con una flota de 20 aeronaves cargueras dedicadas y acceso a bodegas en vuelos de pasajeros, la compa\u00f1\u00eda sigue consolidando su posici\u00f3n en el mercado log\u00edstico.<\/p>\n<p style=\"text-align: justify;\"><strong>Flota diversificada y presencia regional<\/strong><\/p>\n<p style=\"text-align: justify;\">LATAM Airlines Group opera con una flota mixta que incluye Boeing 767, 777 y 787, adem\u00e1s de aeronaves Airbus como los A319, A320, A320neo, A321 y A321neo. A esto se suma la operaci\u00f3n temporal de un Airbus A330 bajo arrendamiento de corto plazo, ampliando su flexibilidad operativa.<\/p>\n<p style=\"text-align: justify;\">La compa\u00f1\u00eda mantiene operaciones dom\u00e9sticas en Brasil, Chile, Colombia, Ecuador y Per\u00fa, adem\u00e1s de vuelos internacionales hacia Am\u00e9rica, Europa, Ocean\u00eda, \u00c1frica y el Caribe.<\/p>\n<p style=\"text-align: justify;\"><strong>Un desempe\u00f1o clave para la regi\u00f3n<\/strong><\/p>\n<p style=\"text-align: justify;\">Los resultados de julio refuerzan la posici\u00f3n de LATAM como uno de los actores principales en el mercado a\u00e9reo latinoamericano. La combinaci\u00f3n de mayor capacidad, mejor ocupaci\u00f3n y un crecimiento s\u00f3lido en carga demuestra la capacidad del grupo para adaptarse a la din\u00e1mica del sector y responder a la demanda creciente de transporte a\u00e9reo en la regi\u00f3n.<\/p>\n","protected":false},"excerpt":{"rendered":"<p>En julio de 2025, el grupo LATAM Airlines consolid\u00f3 un desempe\u00f1o positivo en sus operaciones de pasajeros y carga, confirmando su liderazgo en la regi\u00f3n. La compa\u00f1\u00eda transport\u00f3 cerca de 8 millones de pasajeros, lo que representa un incremento del 7,9% en comparaci\u00f3n con el mismo mes de 2024. Entre enero y julio, LATAM acumul\u00f3 [&hellip;]<\/p>\n","protected":false},"author":1,"featured_media":1496,"comment_status":"open","ping_status":"open","sticky":true,"template":"","format":"standard","meta":{"om_disable_all_campaigns":false,"_monsterinsights_skip_tracking":false,"_monsterinsights_sitenote_active":false,"_monsterinsights_sitenote_note":"","_monsterinsights_sitenote_category":0,"_uf_show_specific_survey":0,"_uf_disable_surveys":false,"footnotes":""},"categories":[19],"tags":[22,704,79,553],"class_list":["post-1495","post","type-post","status-publish","format-standard","has-post-thumbnail","hentry","category-aerolineas","tag-airbus","tag-crecimiento","tag-latam-airlines","tag-latam-airlines-group"],"_links":{"self":[{"href":"https:\/\/aviacionguayaquil.com\/index.php\/wp-json\/wp\/v2\/posts\/1495","targetHints":{"allow":["GET"]}}],"collection":[{"href":"https:\/\/aviacionguayaquil.com\/index.php\/wp-json\/wp\/v2\/posts"}],"about":[{"href":"https:\/\/aviacionguayaquil.com\/index.php\/wp-json\/wp\/v2\/types\/post"}],"author":[{"embeddable":true,"href":"https:\/\/aviacionguayaquil.com\/index.php\/wp-json\/wp\/v2\/users\/1"}],"replies":[{"embeddable":true,"href":"https:\/\/aviacionguayaquil.com\/index.php\/wp-json\/wp\/v2\/comments?post=1495"}],"version-history":[{"count":3,"href":"https:\/\/aviacionguayaquil.com\/index.php\/wp-json\/wp\/v2\/posts\/1495\/revisions"}],"predecessor-version":[{"id":1500,"href":"https:\/\/aviacionguayaquil.com\/index.php\/wp-json\/wp\/v2\/posts\/1495\/revisions\/1500"}],"wp:featuredmedia":[{"embeddable":true,"href":"https:\/\/aviacionguayaquil.com\/index.php\/wp-json\/wp\/v2\/media\/1496"}],"wp:attachment":[{"href":"https:\/\/aviacionguayaquil.com\/index.php\/wp-json\/wp\/v2\/media?parent=1495"}],"wp:term":[{"taxonomy":"category","embeddable":true,"href":"https:\/\/aviacionguayaquil.com\/index.php\/wp-json\/wp\/v2\/categories?post=1495"},{"taxonomy":"post_tag","embeddable":true,"href":"https:\/\/aviacionguayaquil.com\/index.php\/wp-json\/wp\/v2\/tags?post=1495"}],"curies":[{"name":"wp","href":"https:\/\/api.w.org\/{rel}","templated":true}]}}