{"id":1505,"date":"2025-09-07T14:23:24","date_gmt":"2025-09-07T19:23:24","guid":{"rendered":"https:\/\/aviacionguayaquil.com\/?p=1505"},"modified":"2025-09-07T20:23:10","modified_gmt":"2025-09-08T01:23:10","slug":"westjet-boeing-737-max-787","status":"publish","type":"post","link":"https:\/\/aviacionguayaquil.com\/index.php\/2025\/09\/07\/westjet-boeing-737-max-787\/","title":{"rendered":"WestJet realiza la mayor compra de aviones en su historia con Boeing"},"content":{"rendered":"<p style=\"text-align: justify;\">La aerol\u00ednea canadiense WestJet ha anunciado un pedido hist\u00f3rico de 67 aeronaves Boeing, consolid\u00e1ndose como el mayor cliente de aviones de pasillo \u00fanico en Canad\u00e1 y reforzando su estrategia de crecimiento nacional e internacional. Este acuerdo eleva a 123 el total de aviones encargados en firme por la compa\u00f1\u00eda.<\/p>\n<p style=\"text-align: justify;\"><strong>Detalles del pedido<\/strong><\/p>\n<p style=\"text-align: justify;\">El contrato incluye 60 unidades del 737-10, la variante m\u00e1s grande de la familia 737 MAX, junto con opciones para adquirir 25 adicionales. Adem\u00e1s, WestJet incorporar\u00e1 siete Boeing 787-9 Dreamliner y mantiene opciones de compra por cuatro aeronaves m\u00e1s, lo que permitir\u00e1 duplicar su actual flota de aviones de largo alcance.<\/p>\n<p style=\"text-align: justify;\">Con esta decisi\u00f3n, WestJet asegura una mayor eficiencia operativa y capacidad para expandir sus rutas internacionales hacia Europa, Asia y Am\u00e9rica Latina, fortaleciendo al mismo tiempo su red dom\u00e9stica en Canad\u00e1.<\/p>\n<p style=\"text-align: justify;\"><strong>Declaraciones de WestJet y Boeing<\/strong><\/p>\n<p style=\"text-align: justify;\">Alexis von Hoensbroech, director ejecutivo de WestJet, se\u00f1al\u00f3 que esta adquisici\u00f3n representa un paso decisivo en el crecimiento de la compa\u00f1\u00eda:<\/p>\n<blockquote>\n<p style=\"text-align: justify;\">\u00abCon la incorporaci\u00f3n de estos aviones, contamos con el mayor libro de pedidos en Canad\u00e1. Doblaremos nuestra flota de Dreamliners y reforzaremos nuestro compromiso de ofrecer opciones de viaje accesibles y nuevas oportunidades para nuestro equipo\u00bb.<\/p>\n<\/blockquote>\n<p style=\"text-align: justify;\">Por su parte, Stephanie Pope, presidenta y directora ejecutiva de Boeing Commercial Airplanes, destac\u00f3 la relaci\u00f3n de casi tres d\u00e9cadas entre ambas compa\u00f1\u00edas:<\/p>\n<blockquote>\n<p style=\"text-align: justify;\">\u201cNos honra que WestJet renueve su confianza en Boeing con una inversi\u00f3n de esta magnitud, que asegura la modernizaci\u00f3n de su flota para las pr\u00f3ximas d\u00e9cadas\u201d.<\/p>\n<\/blockquote>\n<p style=\"text-align: justify;\"><strong>Evoluci\u00f3n de la aerol\u00ednea<\/strong><\/p>\n<p style=\"text-align: justify;\">WestJet inici\u00f3 operaciones en 1996 con solo tres Boeing 737. Actualmente, opera cerca de 150 aeronaves de este modelo, lo que le ha permitido consolidarse como una de las aerol\u00edneas m\u00e1s relevantes en el mercado canadiense.<\/p>\n<p style=\"text-align: justify;\">La aerol\u00ednea cuenta con una de las flotas m\u00e1s j\u00f3venes de Norteam\u00e9rica, con una edad promedio de 10 a\u00f1os. La llegada de los nuevos 737-10 ofrecer\u00e1 la ventaja de la comunalidad operativa y el costo por asiento m\u00e1s bajo entre los aviones de pasillo \u00fanico, mientras que el 787 Dreamliner seguir\u00e1 aportando eficiencia en consumo de combustible y mayor confort para los pasajeros.<\/p>\n<p style=\"text-align: justify;\"><strong>Impacto en el mercado<\/strong><\/p>\n<p style=\"text-align: justify;\">Este pedido reafirma la estrategia de WestJet de combinar competitividad en vuelos dom\u00e9sticos con una mayor presencia internacional, apoy\u00e1ndose en aeronaves de \u00faltima generaci\u00f3n. El acuerdo tambi\u00e9n representa un impulso para Boeing, que mantiene su liderazgo en Canad\u00e1 y refuerza la colocaci\u00f3n de sus dos programas m\u00e1s demandados: el 737 MAX y el 787 Dreamliner.<\/p>\n<p style=\"text-align: justify;\">La operaci\u00f3n no solo impacta a la aerol\u00ednea, sino tambi\u00e9n a la industria aeron\u00e1utica canadiense, que ver\u00e1 crecer la conectividad a\u00e9rea, la creaci\u00f3n de empleos y nuevas oportunidades en el sector.<\/p>\n","protected":false},"excerpt":{"rendered":"<p>La aerol\u00ednea canadiense WestJet ha anunciado un pedido hist\u00f3rico de 67 aeronaves Boeing, consolid\u00e1ndose como el mayor cliente de aviones de pasillo \u00fanico en Canad\u00e1 y reforzando su estrategia de crecimiento nacional e internacional. Este acuerdo eleva a 123 el total de aviones encargados en firme por la compa\u00f1\u00eda. Detalles del pedido El contrato incluye [&hellip;]<\/p>\n","protected":false},"author":1,"featured_media":1504,"comment_status":"open","ping_status":"open","sticky":false,"template":"","format":"standard","meta":{"om_disable_all_campaigns":false,"_monsterinsights_skip_tracking":false,"_monsterinsights_sitenote_active":false,"_monsterinsights_sitenote_note":"","_monsterinsights_sitenote_category":0,"_uf_show_specific_survey":0,"_uf_disable_surveys":false,"footnotes":""},"categories":[19],"tags":[9,310,73],"class_list":["post-1505","post","type-post","status-publish","format-standard","has-post-thumbnail","hentry","category-aerolineas","tag-737-max","tag-787-dreamliner","tag-westjet"],"_links":{"self":[{"href":"https:\/\/aviacionguayaquil.com\/index.php\/wp-json\/wp\/v2\/posts\/1505","targetHints":{"allow":["GET"]}}],"collection":[{"href":"https:\/\/aviacionguayaquil.com\/index.php\/wp-json\/wp\/v2\/posts"}],"about":[{"href":"https:\/\/aviacionguayaquil.com\/index.php\/wp-json\/wp\/v2\/types\/post"}],"author":[{"embeddable":true,"href":"https:\/\/aviacionguayaquil.com\/index.php\/wp-json\/wp\/v2\/users\/1"}],"replies":[{"embeddable":true,"href":"https:\/\/aviacionguayaquil.com\/index.php\/wp-json\/wp\/v2\/comments?post=1505"}],"version-history":[{"count":2,"href":"https:\/\/aviacionguayaquil.com\/index.php\/wp-json\/wp\/v2\/posts\/1505\/revisions"}],"predecessor-version":[{"id":1508,"href":"https:\/\/aviacionguayaquil.com\/index.php\/wp-json\/wp\/v2\/posts\/1505\/revisions\/1508"}],"wp:featuredmedia":[{"embeddable":true,"href":"https:\/\/aviacionguayaquil.com\/index.php\/wp-json\/wp\/v2\/media\/1504"}],"wp:attachment":[{"href":"https:\/\/aviacionguayaquil.com\/index.php\/wp-json\/wp\/v2\/media?parent=1505"}],"wp:term":[{"taxonomy":"category","embeddable":true,"href":"https:\/\/aviacionguayaquil.com\/index.php\/wp-json\/wp\/v2\/categories?post=1505"},{"taxonomy":"post_tag","embeddable":true,"href":"https:\/\/aviacionguayaquil.com\/index.php\/wp-json\/wp\/v2\/tags?post=1505"}],"curies":[{"name":"wp","href":"https:\/\/api.w.org\/{rel}","templated":true}]}}