{"id":1526,"date":"2025-09-23T12:52:05","date_gmt":"2025-09-23T17:52:05","guid":{"rendered":"https:\/\/aviacionguayaquil.com\/?p=1526"},"modified":"2025-09-23T12:52:06","modified_gmt":"2025-09-23T17:52:06","slug":"latam-conectividad-embraer-e195-e2","status":"publish","type":"post","link":"https:\/\/aviacionguayaquil.com\/index.php\/2025\/09\/23\/latam-conectividad-embraer-e195-e2\/","title":{"rendered":"LATAM apuesta por el Embraer E195-E2 para ampliar su conectividad en Sudam\u00e9rica"},"content":{"rendered":"<p style=\"text-align: justify;\">El Grupo LATAM Airlines anunci\u00f3 la adquisici\u00f3n de hasta 74 aeronaves Embraer E195-E2, en un movimiento estrat\u00e9gico orientado a fortalecer la conectividad a\u00e9rea en Sudam\u00e9rica y diversificar su red regional. El acuerdo contempla 24 entregas en firme y 50 opciones de compra, con un valor estimado de 2.100 millones de d\u00f3lares a precios de lista.<\/p>\n<p style=\"text-align: justify;\"><strong>Expansi\u00f3n regional con enfoque estrat\u00e9gico<\/strong><\/p>\n<p style=\"text-align: justify;\">Las primeras entregas est\u00e1n programadas para la segunda mitad de 2026, con LATAM Airlines Brasil como la primera filial en recibir el nuevo modelo. En fases posteriores, la aeronave podr\u00eda incorporarse en otras subsidiarias del grupo. Con esta incorporaci\u00f3n, LATAM busca sumar hasta 35 nuevas rutas a las 160 que ya opera actualmente, reforzando su liderazgo en la regi\u00f3n.<\/p>\n<p style=\"text-align: justify;\">En los \u00faltimos cuatro a\u00f1os, LATAM ha ampliado su red de 129 a 160 destinos, lo que representa un crecimiento del 24%. El E195-E2 se integra como una soluci\u00f3n intermedia para atender mercados secundarios y rutas regionales que requieren un equilibrio entre capacidad, eficiencia y confort. Este modelo permitir\u00e1 a la aerol\u00ednea diversificar su oferta y optimizar el uso de sus hubs en Brasil, Chile, Colombia, Per\u00fa y Ecuador.<\/p>\n<p style=\"text-align: justify;\"><strong>Tecnolog\u00eda y eficiencia en la nueva flota<\/strong><\/p>\n<p style=\"text-align: justify;\">El Embraer E195-E2 est\u00e1 dise\u00f1ado para maximizar la eficiencia en vuelos de corto y mediano alcance. Incorpora motores Pratt &amp; Whitney GTF, un sistema de control fly-by-wire de \u00faltima generaci\u00f3n y una aerodin\u00e1mica optimizada, lo que se traduce en hasta un 30% menos de consumo de combustible por asiento en comparaci\u00f3n con generaciones anteriores.<\/p>\n<p style=\"text-align: justify;\">Otro aspecto diferencial es la configuraci\u00f3n de cabina 2-2, que elimina el asiento central y ofrece un mayor nivel de confort. Este dise\u00f1o mejora la experiencia del pasajero y posiciona al avi\u00f3n como una alternativa atractiva frente a modelos de mayor capacidad en rutas de alta frecuencia pero menor demanda de asientos.<\/p>\n<p><img loading=\"lazy\" decoding=\"async\" class=\"aligncenter size-large wp-image-1527\" src=\"http:\/\/aviacionguayaquil.com\/wp-content\/uploads\/2025\/09\/E195-E2_Latam_Over_St_Dumont_Airport-1024x576.jpg\" alt=\"\" width=\"640\" height=\"360\" srcset=\"https:\/\/aviacionguayaquil.com\/wp-content\/uploads\/2025\/09\/E195-E2_Latam_Over_St_Dumont_Airport-1024x576.jpg 1024w, https:\/\/aviacionguayaquil.com\/wp-content\/uploads\/2025\/09\/E195-E2_Latam_Over_St_Dumont_Airport-300x169.jpg 300w, https:\/\/aviacionguayaquil.com\/wp-content\/uploads\/2025\/09\/E195-E2_Latam_Over_St_Dumont_Airport-768x432.jpg 768w, https:\/\/aviacionguayaquil.com\/wp-content\/uploads\/2025\/09\/E195-E2_Latam_Over_St_Dumont_Airport-1536x864.jpg 1536w, https:\/\/aviacionguayaquil.com\/wp-content\/uploads\/2025\/09\/E195-E2_Latam_Over_St_Dumont_Airport-2048x1152.jpg 2048w\" sizes=\"auto, (max-width: 640px) 100vw, 640px\" \/><\/p>\n<p style=\"text-align: justify;\"><strong>Perspectiva de los directivos<\/strong><\/p>\n<p style=\"text-align: justify;\">Roberto Alvo, CEO de LATAM Airlines Group, subray\u00f3 que la incorporaci\u00f3n del E195-E2 responde a una estrategia de crecimiento rentable y sostenible:<\/p>\n<blockquote>\n<p style=\"text-align: justify;\"><em>\u201cEl Embraer E195-E2 nos permitir\u00e1 continuar ampliando nuestra red, abrir nuevos destinos y brindar m\u00e1s opciones a los pasajeros, impulsando la conectividad de las comunidades y generando beneficios econ\u00f3micos en toda la regi\u00f3n\u201d.<\/em><\/p>\n<\/blockquote>\n<p style=\"text-align: justify;\">Por su parte, Francisco Gomes Neto, presidente y CEO de Embraer, destac\u00f3 que la elecci\u00f3n del modelo refuerza la confianza de una de las aerol\u00edneas m\u00e1s importantes de Am\u00e9rica Latina:<\/p>\n<blockquote>\n<p style=\"text-align: justify;\"><em>\u201cEste acuerdo refleja la decisi\u00f3n t\u00e9cnica de optar por la aeronave m\u00e1s eficiente de su clase. El E195-E2 ofrece la capacidad adecuada para conectar m\u00e1s destinos, garantizando eficiencia y un confort superior para los pasajeros\u201d.<\/em><\/p>\n<\/blockquote>\n<p style=\"text-align: justify;\"><strong>Impacto en la flota y el mercado regional<\/strong><\/p>\n<p style=\"text-align: justify;\">Actualmente, la flota de LATAM est\u00e1 compuesta por 362 aviones, que incluyen la familia Airbus A320, Boeing 767, 777, 787 y cargueros dedicados. Con la llegada del E195-E2, la aerol\u00ednea suma un avi\u00f3n regional de nueva generaci\u00f3n que complementa su flota narrow-body y wide-body, ofreciendo mayor flexibilidad para adaptarse a diferentes tipos de mercados.<\/p>\n<p style=\"text-align: justify;\">El acuerdo tambi\u00e9n refuerza la posici\u00f3n de Embraer como l\u00edder mundial en aeronaves de hasta 150 asientos, segmento en el que mantiene una fuerte presencia global. Para LATAM, la introducci\u00f3n de este modelo representa una oportunidad para mantener la competitividad en un mercado sudamericano en constante evoluci\u00f3n, donde la eficiencia operativa y la expansi\u00f3n de rutas son factores clave.<\/p>\n<p style=\"text-align: justify;\">El anuncio confirma la apuesta del grupo por un crecimiento sostenible, con inversiones alineadas a sus m\u00e9tricas financieras de apalancamiento y liquidez. De esta forma, LATAM consolida su estrategia de largo plazo, enfocada en reforzar su red dom\u00e9stica y regional, al tiempo que ampl\u00eda las opciones de conectividad para los pasajeros en Sudam\u00e9rica.<\/p>\n","protected":false},"excerpt":{"rendered":"<p>El Grupo LATAM Airlines anunci\u00f3 la adquisici\u00f3n de hasta 74 aeronaves Embraer E195-E2, en un movimiento estrat\u00e9gico orientado a fortalecer la conectividad a\u00e9rea en Sudam\u00e9rica y diversificar su red regional. El acuerdo contempla 24 entregas en firme y 50 opciones de compra, con un valor estimado de 2.100 millones de d\u00f3lares a precios de lista. [&hellip;]<\/p>\n","protected":false},"author":1,"featured_media":1528,"comment_status":"open","ping_status":"open","sticky":true,"template":"","format":"standard","meta":{"om_disable_all_campaigns":false,"_monsterinsights_skip_tracking":false,"_monsterinsights_sitenote_active":false,"_monsterinsights_sitenote_note":"","_monsterinsights_sitenote_category":0,"_uf_show_specific_survey":0,"_uf_disable_surveys":false,"footnotes":""},"categories":[19],"tags":[88,92,79,553,909,84],"class_list":["post-1526","post","type-post","status-publish","format-standard","has-post-thumbnail","hentry","category-aerolineas","tag-embraer","tag-embraer-e195-e2","tag-latam-airlines","tag-latam-airlines-group","tag-pratt-whitney-gtf","tag-sudamerica-2"],"_links":{"self":[{"href":"https:\/\/aviacionguayaquil.com\/index.php\/wp-json\/wp\/v2\/posts\/1526","targetHints":{"allow":["GET"]}}],"collection":[{"href":"https:\/\/aviacionguayaquil.com\/index.php\/wp-json\/wp\/v2\/posts"}],"about":[{"href":"https:\/\/aviacionguayaquil.com\/index.php\/wp-json\/wp\/v2\/types\/post"}],"author":[{"embeddable":true,"href":"https:\/\/aviacionguayaquil.com\/index.php\/wp-json\/wp\/v2\/users\/1"}],"replies":[{"embeddable":true,"href":"https:\/\/aviacionguayaquil.com\/index.php\/wp-json\/wp\/v2\/comments?post=1526"}],"version-history":[{"count":1,"href":"https:\/\/aviacionguayaquil.com\/index.php\/wp-json\/wp\/v2\/posts\/1526\/revisions"}],"predecessor-version":[{"id":1529,"href":"https:\/\/aviacionguayaquil.com\/index.php\/wp-json\/wp\/v2\/posts\/1526\/revisions\/1529"}],"wp:featuredmedia":[{"embeddable":true,"href":"https:\/\/aviacionguayaquil.com\/index.php\/wp-json\/wp\/v2\/media\/1528"}],"wp:attachment":[{"href":"https:\/\/aviacionguayaquil.com\/index.php\/wp-json\/wp\/v2\/media?parent=1526"}],"wp:term":[{"taxonomy":"category","embeddable":true,"href":"https:\/\/aviacionguayaquil.com\/index.php\/wp-json\/wp\/v2\/categories?post=1526"},{"taxonomy":"post_tag","embeddable":true,"href":"https:\/\/aviacionguayaquil.com\/index.php\/wp-json\/wp\/v2\/tags?post=1526"}],"curies":[{"name":"wp","href":"https:\/\/api.w.org\/{rel}","templated":true}]}}