{"id":154,"date":"2024-01-24T22:22:54","date_gmt":"2024-01-24T21:22:54","guid":{"rendered":"https:\/\/aviacionguayaquil.com\/?p=154"},"modified":"2024-01-24T22:22:56","modified_gmt":"2024-01-24T21:22:56","slug":"siemens-y-latam-compensan-4000-toneladas-de-co2-en-sudamerica","status":"publish","type":"post","link":"https:\/\/aviacionguayaquil.com\/index.php\/2024\/01\/24\/siemens-y-latam-compensan-4000-toneladas-de-co2-en-sudamerica\/","title":{"rendered":"Siemens y LATAM compensan 4,000 toneladas de CO2 en Sudam\u00e9rica"},"content":{"rendered":"\n<p>En un esfuerzo conjunto por promover pr\u00e1cticas sostenibles en la industria de viajes corporativos, Siemens y LATAM Airlines Group anunciaron la compensaci\u00f3n de 4.296 toneladas de CO2, lo que equivale a m\u00e1s de 64.000 \u00e1rboles urbanos absorbiendo carbono durante 10 a\u00f1os.<\/p>\n\n\n\n<p>Esto a ra\u00edz de que Siemens South America decidi\u00f3 compensar la totalidad de CO2 generado en sus vuelos corporativos durante un a\u00f1o, correspondientes a 12.000 vuelos originados desde Per\u00fa, Ecuador, Argentina, Chile y Colombia, a trav\u00e9s del programa 1+1 Compensar para Conservar del grupo LATAM.<\/p>\n\n\n\n<p>De esta manera, Siemens compens\u00f3 un total de 2.148 toneladas de CO2 en la regi\u00f3n, monto que ascendi\u00f3 a 4.296 toneladas con el aporte del grupo LATAM que, en el marco de su programa de<\/p>\n\n\n\n<p>sostenibilidad, mantiene el compromiso de duplicar la contribuci\u00f3n realizada para generar un mayor impacto.<\/p>\n\n\n\n<figure class=\"wp-block-image size-large\"><img loading=\"lazy\" decoding=\"async\" width=\"1024\" height=\"576\" src=\"https:\/\/aviacionguayaquil.com\/wp-content\/uploads\/2024\/01\/CO2BIO-proyecto-de-compensacion-1024x576.jpg\" alt=\"\" class=\"wp-image-156\" srcset=\"https:\/\/aviacionguayaquil.com\/wp-content\/uploads\/2024\/01\/CO2BIO-proyecto-de-compensacion-1024x576.jpg 1024w, https:\/\/aviacionguayaquil.com\/wp-content\/uploads\/2024\/01\/CO2BIO-proyecto-de-compensacion-300x169.jpg 300w, https:\/\/aviacionguayaquil.com\/wp-content\/uploads\/2024\/01\/CO2BIO-proyecto-de-compensacion-768x432.jpg 768w, https:\/\/aviacionguayaquil.com\/wp-content\/uploads\/2024\/01\/CO2BIO-proyecto-de-compensacion-1536x864.jpg 1536w, https:\/\/aviacionguayaquil.com\/wp-content\/uploads\/2024\/01\/CO2BIO-proyecto-de-compensacion-2048x1152.jpg 2048w\" sizes=\"auto, (max-width: 1024px) 100vw, 1024px\" \/><\/figure>\n\n\n\n<p>\u201c<em>La magnitud de la problem\u00e1tica del cambio clim\u00e1tico requiere del esfuerzo de todos. Por eso, valoramos enormemente el compromiso de Siemens que nos permite promover pr\u00e1cticas m\u00e1s sostenibles en la industria de viajes corporativos en Sudam\u00e9rica. Esperamos que esto inspire a otras organizaciones a adoptar medidas concretas para impulsar la conservaci\u00f3n de los ecosistemas de nuestra regi\u00f3n y seguir creando alianzas que nos permitan un impacto a\u00fan mayor en el futuro<\/em>\u201d, se\u00f1ala Andreas Schek, vicepresidente de Ventas y Branding de LATAM Airlines Group.<\/p>\n\n\n\n<p><em>\u201cEn Siemens creemos que la verdadera innovaci\u00f3n se da cuando combinamos la tecnolog\u00eda y la sostenibilidad. Por eso hablamos de Tecnolog\u00eda con prop\u00f3sito. Cada acci\u00f3n cuenta, y al asumir la responsabilidad de las emisiones que generamos, lideramos el camino hacia un futuro m\u00e1s sostenible y resiliente al cambio clim\u00e1tico. Ese es el compromiso de Siemens con las generaciones venideras y con la preservaci\u00f3n de nuestro \u00fanico hogar: el planeta tierra.\u201d Eduardo Gorchs, CEO Siemens South America.<\/em><\/p>\n\n\n\n<p>El aporte realizado por ambas compa\u00f1\u00edas ir\u00e1 en beneficio de proyectos de alto valor ambiental y social que buscan la conservaci\u00f3n de ecosistemas estrat\u00e9gicos de Sudam\u00e9rica. Los proyectos corresponden a: <strong>\u00abGesti\u00f3n Forestal Comunitaria Nii Kaniti\u00bb en Ucayali, Per\u00fa<\/strong>, \u201cCO2Bio\u00bb en Colombia y \u00abParque E\u00f3lico Cururos\u00bb en Chile.<\/p>\n\n\n\n<p><strong><u>Programa 1+1 Compensar para Conservar<\/u><\/strong><\/p>\n\n\n\n<p>La alianza con Siemens, forma parte del programa \u201c1+1 Compensar para Conservar\u201d de LATAM Airlines Group, el cual da la posibilidad a sus clientes corporativos de elegir entre un portafolio de proyectos de alto valor ambiental para compensar las emisiones generadas en sus viajes a\u00e9reos.<\/p>\n\n\n\n<p>Una invitaci\u00f3n a apoyar la protecci\u00f3n del medioambiente y los ecosistemas de forma colaborativa, ya que por cada tonelada que el cliente decida compensar, el grupo LATAM compensar\u00e1 una m\u00e1s, duplicando as\u00ed el impacto positivo en los ecosistemas de Sudam\u00e9rica.<\/p>\n","protected":false},"excerpt":{"rendered":"<p>Siemens y LATAM compensan m\u00e1s de 4.000 toneladas de CO2<\/p>\n","protected":false},"author":1,"featured_media":158,"comment_status":"open","ping_status":"open","sticky":true,"template":"","format":"standard","meta":{"om_disable_all_campaigns":false,"_monsterinsights_skip_tracking":false,"_monsterinsights_sitenote_active":false,"_monsterinsights_sitenote_note":"","_monsterinsights_sitenote_category":0,"_uf_show_specific_survey":0,"_uf_disable_surveys":false,"footnotes":""},"categories":[19],"tags":[26,82,79,62,81,84],"class_list":["post-154","post","type-post","status-publish","format-standard","has-post-thumbnail","hentry","category-aerolineas","tag-aviacion-comercial","tag-co2","tag-latam-airlines","tag-latam-ecuador","tag-siemens","tag-sudamerica-2"],"_links":{"self":[{"href":"https:\/\/aviacionguayaquil.com\/index.php\/wp-json\/wp\/v2\/posts\/154","targetHints":{"allow":["GET"]}}],"collection":[{"href":"https:\/\/aviacionguayaquil.com\/index.php\/wp-json\/wp\/v2\/posts"}],"about":[{"href":"https:\/\/aviacionguayaquil.com\/index.php\/wp-json\/wp\/v2\/types\/post"}],"author":[{"embeddable":true,"href":"https:\/\/aviacionguayaquil.com\/index.php\/wp-json\/wp\/v2\/users\/1"}],"replies":[{"embeddable":true,"href":"https:\/\/aviacionguayaquil.com\/index.php\/wp-json\/wp\/v2\/comments?post=154"}],"version-history":[{"count":2,"href":"https:\/\/aviacionguayaquil.com\/index.php\/wp-json\/wp\/v2\/posts\/154\/revisions"}],"predecessor-version":[{"id":160,"href":"https:\/\/aviacionguayaquil.com\/index.php\/wp-json\/wp\/v2\/posts\/154\/revisions\/160"}],"wp:featuredmedia":[{"embeddable":true,"href":"https:\/\/aviacionguayaquil.com\/index.php\/wp-json\/wp\/v2\/media\/158"}],"wp:attachment":[{"href":"https:\/\/aviacionguayaquil.com\/index.php\/wp-json\/wp\/v2\/media?parent=154"}],"wp:term":[{"taxonomy":"category","embeddable":true,"href":"https:\/\/aviacionguayaquil.com\/index.php\/wp-json\/wp\/v2\/categories?post=154"},{"taxonomy":"post_tag","embeddable":true,"href":"https:\/\/aviacionguayaquil.com\/index.php\/wp-json\/wp\/v2\/tags?post=154"}],"curies":[{"name":"wp","href":"https:\/\/api.w.org\/{rel}","templated":true}]}}