{"id":1547,"date":"2025-10-22T22:44:06","date_gmt":"2025-10-23T03:44:06","guid":{"rendered":"https:\/\/aviacionguayaquil.com\/?p=1547"},"modified":"2025-10-22T22:44:07","modified_gmt":"2025-10-23T03:44:07","slug":"alemania-refuerza-defensa-eurofighter-tranche5","status":"publish","type":"post","link":"https:\/\/aviacionguayaquil.com\/index.php\/2025\/10\/22\/alemania-refuerza-defensa-eurofighter-tranche5\/","title":{"rendered":"Alemania refuerza su defensa con el Eurofighter Tranche 5"},"content":{"rendered":"<p style=\"text-align: justify;\">Alemania ha dado un paso decisivo en la modernizaci\u00f3n de su flota de combate con la firma de un contrato para adquirir 20 nuevos cazas Eurofighter Tranche 5, cuya producci\u00f3n estar\u00e1 a cargo de Airbus Defence and Space en su planta de Manching, cerca de M\u00fanich. Las primeras entregas est\u00e1n previstas para 2031, y las \u00faltimas unidades se completar\u00e1n en 2034.<\/p>\n<p style=\"text-align: justify;\">Este acuerdo refuerza la posici\u00f3n del Eurofighter como pilar fundamental de la defensa a\u00e9rea alemana y del marco estrat\u00e9gico de la OTAN, al tiempo que impulsa el programa industrial europeo de defensa m\u00e1s grande en producci\u00f3n actualmente.<\/p>\n<p style=\"text-align: justify;\"><strong>Un salto tecnol\u00f3gico hacia la guerra a\u00e9rea del futuro<\/strong><\/p>\n<p style=\"text-align: justify;\">Los nuevos Eurofighter Tranche 5 incorporar\u00e1n sensores de \u00faltima generaci\u00f3n y una nueva arquitectura electr\u00f3nica destinada a elevar la capacidad operativa frente a amenazas emergentes. Entre las principales innovaciones se encuentra el radar E-Scan de barrido electr\u00f3nico activo (AESA), que ofrece mayor alcance, precisi\u00f3n y capacidad de seguimiento simult\u00e1neo de objetivos en aire y superficie.<\/p>\n<p style=\"text-align: justify;\">Adem\u00e1s, Airbus integrar\u00e1 en los cazas alemanes el sistema de guerra electr\u00f3nica Arexis, desarrollado por Saab (Suecia), que permitir\u00e1 detectar, interferir y neutralizar se\u00f1ales hostiles, brindando a los pilotos una ventaja t\u00e1ctica significativa en entornos de combate complejos. Esta combinaci\u00f3n convierte al Tranche 5 en la versi\u00f3n m\u00e1s avanzada del Eurofighter hasta la fecha.<\/p>\n<p style=\"text-align: justify;\"><strong>Industria, empleo y cooperaci\u00f3n europea<\/strong><\/p>\n<p style=\"text-align: justify;\">El programa Eurofighter Typhoon, en el que participan Alemania, Italia, Espa\u00f1a y el Reino Unido, no solo representa una alianza militar, sino tambi\u00e9n un motor econ\u00f3mico para Europa. M\u00e1s de 100 000 empleos dependen directamente de su cadena de producci\u00f3n, de los cuales 25 000 se encuentran en Alemania.<\/p>\n<p style=\"text-align: justify;\">El ecosistema industrial abarca a m\u00e1s de 120 proveedores alemanes, desde fabricantes de sistemas de misi\u00f3n hasta empresas de materiales compuestos y electr\u00f3nica avanzada. Con este nuevo pedido, el n\u00famero total de Eurofighters contratados supera las 740 unidades en nueve pa\u00edses, consolidando su posici\u00f3n como el programa de defensa europeo m\u00e1s exitoso en producci\u00f3n continua.<\/p>\n<p style=\"text-align: justify;\"><strong>Un puente hacia el Future Combat Air System (FCAS)<\/strong><\/p>\n<p style=\"text-align: justify;\">Seg\u00fan Mike Schoellhorn, CEO de Airbus Defence and Space, la evoluci\u00f3n del Eurofighter ser\u00e1 clave para asegurar una transici\u00f3n fluida hacia el Future Combat Air System (FCAS), el futuro sistema de combate a\u00e9reo que integrar\u00e1 aeronaves tripuladas y no tripuladas en un entorno conectado y digitalizado.<\/p>\n<p style=\"text-align: justify;\">El Eurofighter servir\u00e1 como plataforma tecnol\u00f3gica puente, probando sensores, inteligencia artificial y capacidades de red que posteriormente formar\u00e1n parte del FCAS, previsto para entrar en servicio en la d\u00e9cada de 2040.<\/p>\n<p style=\"text-align: justify;\"><strong>Proyecci\u00f3n estrat\u00e9gica a largo plazo<\/strong><\/p>\n<p style=\"text-align: justify;\">El nuevo lote de Eurofighters garantiza que la Luftwaffe (Fuerza A\u00e9rea Alemana) mantenga su capacidad de superioridad a\u00e9rea hasta la d\u00e9cada de 2060. Su interoperabilidad con otras plataformas aliadas asegura la continuidad de las operaciones conjuntas dentro de la OTAN, en un contexto geopol\u00edtico marcado por la necesidad de autonom\u00eda europea en defensa y producci\u00f3n militar.<\/p>\n<p style=\"text-align: justify;\">Con este contrato, Alemania reafirma su compromiso con la seguridad colectiva y consolida la posici\u00f3n del Eurofighter como eje del poder a\u00e9reo europeo, tanto en capacidades operativas como en innovaci\u00f3n tecnol\u00f3gica.<\/p>\n","protected":false},"excerpt":{"rendered":"<p>Alemania ha dado un paso decisivo en la modernizaci\u00f3n de su flota de combate con la firma de un contrato para adquirir 20 nuevos cazas Eurofighter Tranche 5, cuya producci\u00f3n estar\u00e1 a cargo de Airbus Defence and Space en su planta de Manching, cerca de M\u00fanich. Las primeras entregas est\u00e1n previstas para 2031, y las [&hellip;]<\/p>\n","protected":false},"author":1,"featured_media":1548,"comment_status":"open","ping_status":"open","sticky":true,"template":"","format":"standard","meta":{"om_disable_all_campaigns":false,"_monsterinsights_skip_tracking":false,"_monsterinsights_sitenote_active":false,"_monsterinsights_sitenote_note":"","_monsterinsights_sitenote_category":0,"_uf_show_specific_survey":0,"_uf_disable_surveys":false,"footnotes":""},"categories":[16],"tags":[732,1052,60,106],"class_list":["post-1547","post","type-post","status-publish","format-standard","has-post-thumbnail","hentry","category-militar","tag-alemania","tag-alemania-refuerza-su-defensa-con-el-eurofighter-tranche-5","tag-aviacion-guayaquil","tag-otan"],"_links":{"self":[{"href":"https:\/\/aviacionguayaquil.com\/index.php\/wp-json\/wp\/v2\/posts\/1547","targetHints":{"allow":["GET"]}}],"collection":[{"href":"https:\/\/aviacionguayaquil.com\/index.php\/wp-json\/wp\/v2\/posts"}],"about":[{"href":"https:\/\/aviacionguayaquil.com\/index.php\/wp-json\/wp\/v2\/types\/post"}],"author":[{"embeddable":true,"href":"https:\/\/aviacionguayaquil.com\/index.php\/wp-json\/wp\/v2\/users\/1"}],"replies":[{"embeddable":true,"href":"https:\/\/aviacionguayaquil.com\/index.php\/wp-json\/wp\/v2\/comments?post=1547"}],"version-history":[{"count":1,"href":"https:\/\/aviacionguayaquil.com\/index.php\/wp-json\/wp\/v2\/posts\/1547\/revisions"}],"predecessor-version":[{"id":1549,"href":"https:\/\/aviacionguayaquil.com\/index.php\/wp-json\/wp\/v2\/posts\/1547\/revisions\/1549"}],"wp:featuredmedia":[{"embeddable":true,"href":"https:\/\/aviacionguayaquil.com\/index.php\/wp-json\/wp\/v2\/media\/1548"}],"wp:attachment":[{"href":"https:\/\/aviacionguayaquil.com\/index.php\/wp-json\/wp\/v2\/media?parent=1547"}],"wp:term":[{"taxonomy":"category","embeddable":true,"href":"https:\/\/aviacionguayaquil.com\/index.php\/wp-json\/wp\/v2\/categories?post=1547"},{"taxonomy":"post_tag","embeddable":true,"href":"https:\/\/aviacionguayaquil.com\/index.php\/wp-json\/wp\/v2\/tags?post=1547"}],"curies":[{"name":"wp","href":"https:\/\/api.w.org\/{rel}","templated":true}]}}