{"id":1570,"date":"2025-11-20T16:34:06","date_gmt":"2025-11-20T21:34:06","guid":{"rendered":"https:\/\/aviacionguayaquil.com\/?p=1570"},"modified":"2025-11-20T16:34:08","modified_gmt":"2025-11-20T21:34:08","slug":"vuelo-humanitario-latam-jamaica","status":"publish","type":"post","link":"https:\/\/aviacionguayaquil.com\/index.php\/2025\/11\/20\/vuelo-humanitario-latam-jamaica\/","title":{"rendered":"LATAM realiza hist\u00f3rico vuelo humanitario para apoyar a Jamaica tras el paso del hurac\u00e1n Melissa"},"content":{"rendered":"<p style=\"text-align: justify;\">Vuelo humanitario LATAM encabeza una operaci\u00f3n clave en el Caribe tras el paso del hurac\u00e1n Melissa, una emergencia que dej\u00f3 a miles de familias en necesidad urgente de insumos b\u00e1sicos y apoyo log\u00edstico. En coordinaci\u00f3n con la Federaci\u00f3n Internacional de Sociedades de la Cruz Roja y de la Media Luna Roja (IFRC) y la empresa global de log\u00edstica Kuehne+Nagel, el grupo LATAM ejecut\u00f3 su primer ch\u00e1rter humanitario hacia Jamaica bajo el programa Avi\u00f3n Solidario, consolidando una alianza estrat\u00e9gica para acelerar las respuestas ante desastres en la regi\u00f3n.<\/p>\n<p style=\"text-align: justify;\">El vuelo despeg\u00f3 desde Ciudad de Panam\u00e1 y aterriz\u00f3 en Kingston el 1 de noviembre con 34 toneladas de ayuda humanitaria, destinadas a respaldar a cerca de 1.500 familias afectadas. La carga inclu\u00eda l\u00e1mparas solares, kits de herramientas, lonas pl\u00e1sticas e insumos de respuesta r\u00e1pida, materiales esenciales para el restablecimiento de servicios b\u00e1sicos y la reconstrucci\u00f3n inicial tras la emergencia.<\/p>\n<p style=\"text-align: justify;\"><strong>Cooperaci\u00f3n internacional para una respuesta r\u00e1pida<\/strong><\/p>\n<p style=\"text-align: justify;\">La operaci\u00f3n se desarroll\u00f3 a partir del centro log\u00edstico humanitario de la IFRC en Panam\u00e1, donde la organizaci\u00f3n mantiene un stock preposicionado capaz de atender a hasta 60.000 personas afectadas por desastres en el continente. Este modelo permite movilizar suministros con rapidez, evitando demoras habituales en operaciones de emergencia.<\/p>\n<p style=\"text-align: justify;\">Stephany Murillo, Gerente Regional de Log\u00edstica de la IFRC, destac\u00f3 que esta infraestructura ha sido clave para actuar inmediatamente despu\u00e9s del impacto del hurac\u00e1n Melissa, en l\u00ednea con el mandato de la organizaci\u00f3n de brindar asistencia eficaz y digna a quienes enfrentan p\u00e9rdidas repentinas.<\/p>\n<p style=\"text-align: justify;\"><strong>El rol de LATAM y su programa Avi\u00f3n Solidario<\/strong><\/p>\n<p style=\"text-align: justify;\">El vuelo humanitario LATAM forma parte del programa Avi\u00f3n Solidario, una iniciativa con m\u00e1s de 13 a\u00f1os de trayectoria que ha convertido al grupo en uno de los principales facilitadores de transporte humanitario en Sudam\u00e9rica. La estrategia combina conectividad regional, disponibilidad operativa y alianzas con instituciones humanitarias para trasladar cargas cr\u00edticas sin costo.<\/p>\n<p style=\"text-align: justify;\">Entre 2021 y 2025, Avi\u00f3n Solidario ha transportado m\u00e1s de 3.600 toneladas de ayuda humanitaria, beneficiando a m\u00e1s de 17.000 personas en Sudam\u00e9rica y el Caribe. Con cerca de 50 alianzas en pa\u00edses como Chile, Per\u00fa, Colombia, Ecuador y Brasil, el programa se ha consolidado como un pilar de responsabilidad social corporativa dentro del grupo LATAM.<\/p>\n<p style=\"text-align: justify;\">Cristina O\u00f1ate, Vicepresidenta de Sostenibilidad y Producto de LATAM Cargo Group, explic\u00f3 que la compa\u00f1\u00eda prioriza mantener una respuesta \u00e1gil y eficiente ante emergencias regionales, ofreciendo su capacidad de carga como un recurso estrat\u00e9gico para acelerar las operaciones de socorro.<\/p>\n<p style=\"text-align: justify;\"><strong>Kuehne+Nagel aporta log\u00edstica a\u00e9rea especializada<\/strong><\/p>\n<p style=\"text-align: justify;\">Como parte de la misi\u00f3n conjunta, Kuehne+Nagel aport\u00f3 experiencia en transporte internacional, documentaci\u00f3n a\u00e9rea y procesos aduaneros, un componente fundamental para garantizar que los materiales llegaran a Jamaica sin contratiempos. La empresa ha desarrollado capacidades espec\u00edficas para operaciones de emergencia, lo que permiti\u00f3 complementar de manera efectiva la estructura log\u00edstica del programa.<\/p>\n<p style=\"text-align: justify;\">La compa\u00f1\u00eda destac\u00f3 que esta colaboraci\u00f3n reafirma la importancia de las alianzas multisectoriales para ampliar el alcance de las misiones humanitarias a nivel regional.<\/p>\n<p style=\"text-align: justify;\"><strong>Un precedente para futuras operaciones humanitarias<\/strong><\/p>\n<p style=\"text-align: justify;\">Este primer ch\u00e1rter humanitario de LATAM hacia Jamaica marca un hito relevante para la conectividad a\u00e9rea de emergencia en el Caribe. A medida que los fen\u00f3menos meteorol\u00f3gicos extremos se intensifican, la capacidad de los operadores a\u00e9reos para movilizar carga cr\u00edtica con rapidez se convierte en un factor determinante para la resiliencia regional.<\/p>\n<p style=\"text-align: justify;\">LATAM, Kuehne+Nagel y la IFRC prev\u00e9n que este modelo de cooperaci\u00f3n contin\u00fae fortaleci\u00e9ndose, abriendo la posibilidad de nuevas operaciones conjuntas en situaciones de desastre en Am\u00e9rica Latina y el Caribe.<\/p>\n","protected":false},"excerpt":{"rendered":"<p>Vuelo humanitario LATAM encabeza una operaci\u00f3n clave en el Caribe tras el paso del hurac\u00e1n Melissa, una emergencia que dej\u00f3 a miles de familias en necesidad urgente de insumos b\u00e1sicos y apoyo log\u00edstico. En coordinaci\u00f3n con la Federaci\u00f3n Internacional de Sociedades de la Cruz Roja y de la Media Luna Roja (IFRC) y la empresa [&hellip;]<\/p>\n","protected":false},"author":1,"featured_media":1571,"comment_status":"open","ping_status":"open","sticky":true,"template":"","format":"standard","meta":{"om_disable_all_campaigns":false,"_monsterinsights_skip_tracking":false,"_monsterinsights_sitenote_active":false,"_monsterinsights_sitenote_note":"","_monsterinsights_sitenote_category":0,"_uf_show_specific_survey":0,"_uf_disable_surveys":false,"footnotes":""},"categories":[19],"tags":[1067,1068,1070,1069,79],"class_list":["post-1570","post","type-post","status-publish","format-standard","has-post-thumbnail","hentry","category-aerolineas","tag-avion-solidario","tag-huracan-melissa","tag-jamaica","tag-kuehnenagel","tag-latam-airlines"],"_links":{"self":[{"href":"https:\/\/aviacionguayaquil.com\/index.php\/wp-json\/wp\/v2\/posts\/1570","targetHints":{"allow":["GET"]}}],"collection":[{"href":"https:\/\/aviacionguayaquil.com\/index.php\/wp-json\/wp\/v2\/posts"}],"about":[{"href":"https:\/\/aviacionguayaquil.com\/index.php\/wp-json\/wp\/v2\/types\/post"}],"author":[{"embeddable":true,"href":"https:\/\/aviacionguayaquil.com\/index.php\/wp-json\/wp\/v2\/users\/1"}],"replies":[{"embeddable":true,"href":"https:\/\/aviacionguayaquil.com\/index.php\/wp-json\/wp\/v2\/comments?post=1570"}],"version-history":[{"count":1,"href":"https:\/\/aviacionguayaquil.com\/index.php\/wp-json\/wp\/v2\/posts\/1570\/revisions"}],"predecessor-version":[{"id":1572,"href":"https:\/\/aviacionguayaquil.com\/index.php\/wp-json\/wp\/v2\/posts\/1570\/revisions\/1572"}],"wp:featuredmedia":[{"embeddable":true,"href":"https:\/\/aviacionguayaquil.com\/index.php\/wp-json\/wp\/v2\/media\/1571"}],"wp:attachment":[{"href":"https:\/\/aviacionguayaquil.com\/index.php\/wp-json\/wp\/v2\/media?parent=1570"}],"wp:term":[{"taxonomy":"category","embeddable":true,"href":"https:\/\/aviacionguayaquil.com\/index.php\/wp-json\/wp\/v2\/categories?post=1570"},{"taxonomy":"post_tag","embeddable":true,"href":"https:\/\/aviacionguayaquil.com\/index.php\/wp-json\/wp\/v2\/tags?post=1570"}],"curies":[{"name":"wp","href":"https:\/\/api.w.org\/{rel}","templated":true}]}}