{"id":1603,"date":"2026-03-14T11:57:31","date_gmt":"2026-03-14T16:57:31","guid":{"rendered":"https:\/\/aviacionguayaquil.com\/?p=1603"},"modified":"2026-03-14T11:57:32","modified_gmt":"2026-03-14T16:57:32","slug":"toque-queda-ecuador-viajeros-aeropuertos","status":"publish","type":"post","link":"https:\/\/aviacionguayaquil.com\/index.php\/2026\/03\/14\/toque-queda-ecuador-viajeros-aeropuertos\/","title":{"rendered":"Toque de queda en Ecuador: viajeros a\u00e9reos quedan fuera de las excepciones"},"content":{"rendered":"<p style=\"text-align: justify;\">El toque de queda en Ecuador dispuesto por el Gobierno entre el 15 y el 30 de marzo de 2026 ha generado interrogantes dentro del sector aeron\u00e1utico y entre los pasajeros que tienen vuelos programados durante la madrugada. A diferencia de medidas similares adoptadas en estados de excepci\u00f3n anteriores, el decreto vigente no contempla excepciones espec\u00edficas para personas que deban movilizarse hacia o desde aeropuertos durante el horario restringido.<\/p>\n<p style=\"text-align: justify;\">La disposici\u00f3n establece la prohibici\u00f3n de circulaci\u00f3n entre las 23:00 y las 05:00 en cuatro provincias: Guayas, Los R\u00edos, Santo Domingo de los Ts\u00e1chilas y El Oro, como parte de la estrategia gubernamental para enfrentar la situaci\u00f3n de seguridad en esas jurisdicciones.<\/p>\n<p style=\"text-align: justify;\">Sin embargo, el texto oficial del decreto no incluye permisos o salvoconductos para viajeros con vuelos programados en ese horario.<\/p>\n<p style=\"text-align: justify;\"><strong>Lo que dice el decreto sobre las excepciones<\/strong><\/p>\n<p style=\"text-align: justify;\">El documento oficial publicado por el Ejecutivo especifica que \u00fanicamente determinados sectores podr\u00e1n movilizarse durante el horario del toque de queda. Entre ellos se encuentran:<\/p>\n<ul>\n<li style=\"text-align: justify;\">Personal de servicios de salud p\u00fablicos y privados.<\/li>\n<li style=\"text-align: justify;\">Fuerza p\u00fablica, incluidas Fuerzas Armadas y Polic\u00eda Nacional.<\/li>\n<li style=\"text-align: justify;\">Entidades complementarias de seguridad.<\/li>\n<li style=\"text-align: justify;\">Personal vinculado a gesti\u00f3n de riesgos.<\/li>\n<\/ul>\n<p style=\"text-align: justify;\">Las personas que formen parte de estos grupos deber\u00e1n acreditar su condici\u00f3n mediante documentos oficiales ante autoridades de control, como Polic\u00eda Nacional, Fuerzas Armadas o agentes de tr\u00e1nsito.<\/p>\n<p style=\"text-align: justify;\">En el decreto no se menciona a los viajeros con vuelos programados, lo que marca una diferencia respecto a anteriores estados de excepci\u00f3n aplicados en el pa\u00eds.<\/p>\n<p style=\"text-align: justify;\"><strong>Declaraciones previas del Gobierno<\/strong><\/p>\n<p style=\"text-align: justify;\">Antes de la publicaci\u00f3n del decreto, el ministro del Interior, John Reimberg, hab\u00eda se\u00f1alado p\u00fablicamente que se contemplar\u00eda un mecanismo que permitiera la circulaci\u00f3n de viajeros con itinerarios a\u00e9reos, e incluso situaciones de emergencia.<\/p>\n<p style=\"text-align: justify;\">No obstante, esa posibilidad no qued\u00f3 reflejada en el texto final del decreto ejecutivo, lo que ha generado incertidumbre entre pasajeros y usuarios del transporte a\u00e9reo.<\/p>\n<p style=\"text-align: justify;\"><strong>Aeropuerto de Guayaquil: el principal afectado<\/strong><\/p>\n<p style=\"text-align: justify;\">Desde el punto de vista operativo, la medida impacta especialmente al Aeropuerto Internacional Jos\u00e9 Joaqu\u00edn de Olmedo, principal terminal a\u00e9rea internacional de las provincias donde rige el toque de queda.<\/p>\n<p style=\"text-align: justify;\">Este aeropuerto concentra gran parte de los vuelos internacionales del pa\u00eds y opera rutas hacia destinos como Estados Unidos, Europa, el Caribe y varios pa\u00edses de Am\u00e9rica Latina.<\/p>\n<p style=\"text-align: justify;\">Muchas de estas operaciones especialmente las internacionales se programan durante la madrugada, una pr\u00e1ctica com\u00fan en la industria para optimizar conexiones dentro de las redes de las aerol\u00edneas.<\/p>\n<p style=\"text-align: justify;\">La restricci\u00f3n de movilidad podr\u00eda afectar a pasajeros que necesiten trasladarse hacia el aeropuerto durante esas horas o abandonar la terminal tras la llegada de un vuelo nocturno.<\/p>\n<p style=\"text-align: justify;\"><strong>Qu\u00e9 pueden hacer los pasajeros con vuelos en la madrugada<\/strong><\/p>\n<p style=\"text-align: justify;\">Ante la ausencia de excepciones expl\u00edcitas para viajeros, quienes tengan vuelos programados dentro del horario del toque de queda deber\u00e1n considerar algunas alternativas pr\u00e1cticas.<\/p>\n<p style=\"text-align: justify;\">Entre las opciones mencionadas por autoridades y analistas del sector se encuentran:<\/p>\n<ul>\n<li style=\"text-align: justify;\">Llegar al aeropuerto antes de las 23:00 y permanecer dentro de las instalaciones hasta la salida del vuelo.<\/li>\n<li style=\"text-align: justify;\">Si el vuelo llega durante la madrugada, esperar dentro del aeropuerto hasta las 05:00 para salir.<\/li>\n<\/ul>\n<p style=\"text-align: justify;\">Esta situaci\u00f3n puede generar incomodidades log\u00edsticas, particularmente para pasajeros que arriban en vuelos internacionales y necesitan trasladarse hacia otras ciudades o zonas urbanas durante la madrugada.<\/p>\n<p style=\"text-align: justify;\"><strong>Diferencias con estados de excepci\u00f3n anteriores<\/strong><\/p>\n<p style=\"text-align: justify;\">En anteriores decretos relacionados con estados de excepci\u00f3n y restricciones de movilidad en Ecuador, las autoridades hab\u00edan incluido disposiciones espec\u00edficas para viajeros.<\/p>\n<p style=\"text-align: justify;\">En esos casos, los pasajeros pod\u00edan circular durante el toque de queda presentando su boleto a\u00e9reo o itinerario, lo que funcionaba como justificativo ante controles policiales o militares.<\/p>\n<p style=\"text-align: justify;\">La ausencia de una cl\u00e1usula similar en el decreto actual ha sido interpretada por algunos usuarios como una omisi\u00f3n que podr\u00eda generar dificultades pr\u00e1cticas para el transporte de pasajeros.<\/p>\n<p style=\"text-align: justify;\"><strong>La aviaci\u00f3n frente a restricciones de movilidad<\/strong><\/p>\n<p style=\"text-align: justify;\">Las operaciones a\u00e9reas suelen mantenerse activas incluso en contextos de restricciones de movilidad o seguridad p\u00fablica. La aviaci\u00f3n comercial forma parte de las infraestructuras cr\u00edticas de un pa\u00eds, ya que garantiza la conectividad internacional y el transporte de pasajeros, carga y personal esencial.<\/p>\n<p style=\"text-align: justify;\">Organismos internacionales como la <a href=\"https:\/\/www.icao.int\" target=\"_blank\" rel=\"noopener\">International Civil Aviation Organization (ICAO)<\/a> se\u00f1alan que los Estados deben procurar mantener operativa la conectividad a\u00e9rea, incluso en contextos extraordinarios, siempre que existan protocolos de seguridad adecuados.<\/p>\n<p style=\"text-align: justify;\">M\u00e1s informaci\u00f3n sobre estas directrices puede consultarse en el sitio oficial de la International Civil Aviation Organization.<\/p>\n<p style=\"text-align: justify;\"><strong>Un escenario que genera inquietud entre viajeros<\/strong><\/p>\n<p style=\"text-align: justify;\">La aplicaci\u00f3n del toque de queda sin excepciones espec\u00edficas para pasajeros ha generado preocupaci\u00f3n entre algunos usuarios del transporte a\u00e9reo, particularmente en Guayaquil, donde se concentra la mayor actividad internacional del pa\u00eds.<\/p>\n<p style=\"text-align: justify;\">La situaci\u00f3n tambi\u00e9n ha reactivado el debate sobre la coordinaci\u00f3n entre pol\u00edticas de seguridad p\u00fablica y el funcionamiento de infraestructuras cr\u00edticas como los aeropuertos.<\/p>\n<p style=\"text-align: justify;\">Mientras tanto, los viajeros con vuelos programados entre las 23:00 y las 05:00 deber\u00e1n planificar con mayor anticipaci\u00f3n su desplazamiento hacia o desde los aeropuertos en las provincias donde rige la medida.<\/p>\n","protected":false},"excerpt":{"rendered":"<p>El toque de queda en Ecuador dispuesto por el Gobierno entre el 15 y el 30 de marzo de 2026 ha generado interrogantes dentro del sector aeron\u00e1utico y entre los pasajeros que tienen vuelos programados durante la madrugada. A diferencia de medidas similares adoptadas en estados de excepci\u00f3n anteriores, el decreto vigente no contempla excepciones [&hellip;]<\/p>\n","protected":false},"author":1,"featured_media":1604,"comment_status":"open","ping_status":"open","sticky":true,"template":"","format":"standard","meta":{"om_disable_all_campaigns":false,"_monsterinsights_skip_tracking":false,"_monsterinsights_sitenote_active":false,"_monsterinsights_sitenote_note":"","_monsterinsights_sitenote_category":0,"_uf_show_specific_survey":0,"_uf_disable_surveys":false,"footnotes":""},"categories":[17],"tags":[264,60,204,54,1088],"class_list":["post-1603","post","type-post","status-publish","format-standard","has-post-thumbnail","hentry","category-aeropuertos","tag-aeropuerto-de-guayaquil","tag-aviacion-guayaquil","tag-ecuador","tag-news","tag-toque-de-queda"],"_links":{"self":[{"href":"https:\/\/aviacionguayaquil.com\/index.php\/wp-json\/wp\/v2\/posts\/1603","targetHints":{"allow":["GET"]}}],"collection":[{"href":"https:\/\/aviacionguayaquil.com\/index.php\/wp-json\/wp\/v2\/posts"}],"about":[{"href":"https:\/\/aviacionguayaquil.com\/index.php\/wp-json\/wp\/v2\/types\/post"}],"author":[{"embeddable":true,"href":"https:\/\/aviacionguayaquil.com\/index.php\/wp-json\/wp\/v2\/users\/1"}],"replies":[{"embeddable":true,"href":"https:\/\/aviacionguayaquil.com\/index.php\/wp-json\/wp\/v2\/comments?post=1603"}],"version-history":[{"count":1,"href":"https:\/\/aviacionguayaquil.com\/index.php\/wp-json\/wp\/v2\/posts\/1603\/revisions"}],"predecessor-version":[{"id":1605,"href":"https:\/\/aviacionguayaquil.com\/index.php\/wp-json\/wp\/v2\/posts\/1603\/revisions\/1605"}],"wp:featuredmedia":[{"embeddable":true,"href":"https:\/\/aviacionguayaquil.com\/index.php\/wp-json\/wp\/v2\/media\/1604"}],"wp:attachment":[{"href":"https:\/\/aviacionguayaquil.com\/index.php\/wp-json\/wp\/v2\/media?parent=1603"}],"wp:term":[{"taxonomy":"category","embeddable":true,"href":"https:\/\/aviacionguayaquil.com\/index.php\/wp-json\/wp\/v2\/categories?post=1603"},{"taxonomy":"post_tag","embeddable":true,"href":"https:\/\/aviacionguayaquil.com\/index.php\/wp-json\/wp\/v2\/tags?post=1603"}],"curies":[{"name":"wp","href":"https:\/\/api.w.org\/{rel}","templated":true}]}}