{"id":188,"date":"2024-01-29T21:55:55","date_gmt":"2024-01-29T20:55:55","guid":{"rendered":"https:\/\/aviacionguayaquil.com\/?p=188"},"modified":"2024-01-29T21:55:56","modified_gmt":"2024-01-29T20:55:56","slug":"el-ministerio-del-interior-de-francia-ordena-42-helicopteros-h145","status":"publish","type":"post","link":"https:\/\/aviacionguayaquil.com\/index.php\/2024\/01\/29\/el-ministerio-del-interior-de-francia-ordena-42-helicopteros-h145\/","title":{"rendered":"El Ministerio del Interior de Francia ordena 42 helic\u00f3pteros H145"},"content":{"rendered":"\n<p>La Direcci\u00f3n General de Armamento de Francia (DGA) orden\u00f3 42 nuevos helic\u00f3pteros H145 a finales de 2023, en nombre del Ministerio del Interior, con entregas programadas para iniciar en 2024. De estos 42 helic\u00f3pteros, 36 est\u00e1n destinados a la Agencia Francesa de Rescate y Respuesta de Emergencia, S\u00e9curit\u00e9 Civile, mientras que la Agencia de Aplicaci\u00f3n de la Ley de Francia, Gendarmerie Nationale, utilizar\u00e1 seis. El contrato incluye una opci\u00f3n para otros 22 H145 para la Gendarmerie Nationale y una variedad de soluciones de soporte y servicios, desde entrenamiento hasta repuestos, as\u00ed como un paquete completo de soporte inicial para las aeronaves.<\/p>\n\n\n\n<p>\u00abTenemos una relaci\u00f3n de larga data con la Gendarmerie Nationale y la S\u00e9curit\u00e9 Civile, y estoy muy orgulloso de que agregaremos otro cap\u00edtulo a nuestra historia compartida\u00bb, dijo Bruno Even, CEO de Airbus Helicopters. \u00abEl H145 ya ha demostrado su val\u00eda con la S\u00e9curit\u00e9 Civile realizando muchas misiones de rescate en el dif\u00edcil entorno monta\u00f1oso de los Alpes franceses\u00bb, agreg\u00f3. \u00abEl H145 es operado por muchas agencias de aplicaci\u00f3n de la ley en todo el mundo. La Gendarmerie se beneficiar\u00e1 de un helic\u00f3ptero de \u00faltima generaci\u00f3n equipado con los \u00faltimos sistemas de misi\u00f3n\u00bb, explic\u00f3.<\/p>\n\n\n\n<p>Actualmente, la S\u00e9curit\u00e9 Civile opera cuatro H145 de cinco palas, ordenados en 2020 y 2021. Los 36 H145 reemplazar\u00e1n progresivamente a los 33 EC145 actualmente en operaci\u00f3n para servicios de rescate y transporte m\u00e9dico a\u00e9reo en toda Francia.<\/p>\n\n\n\n<p>Los seis H145 iniciar\u00e1n la renovaci\u00f3n de la flota de la Gendarmerie, compuesta por Ecureuils, EC135 y EC145. Estar\u00e1n equipados con un sistema electro\u00f3ptico y una computadora de misi\u00f3n para llevar a cabo las misiones de aplicaci\u00f3n de la ley m\u00e1s exigentes.<\/p>\n\n\n<div class=\"wp-block-image\">\n<figure class=\"aligncenter size-large\"><img loading=\"lazy\" decoding=\"async\" width=\"1024\" height=\"576\" src=\"http:\/\/aviacionguayaquil.com\/wp-content\/uploads\/2024\/01\/pm_38_647_647990-9asj3j6hjr-1-1024x576.jpg\" alt=\"\" class=\"wp-image-191\" srcset=\"https:\/\/aviacionguayaquil.com\/wp-content\/uploads\/2024\/01\/pm_38_647_647990-9asj3j6hjr-1-1024x576.jpg 1024w, https:\/\/aviacionguayaquil.com\/wp-content\/uploads\/2024\/01\/pm_38_647_647990-9asj3j6hjr-1-300x169.jpg 300w, https:\/\/aviacionguayaquil.com\/wp-content\/uploads\/2024\/01\/pm_38_647_647990-9asj3j6hjr-1-768x432.jpg 768w, https:\/\/aviacionguayaquil.com\/wp-content\/uploads\/2024\/01\/pm_38_647_647990-9asj3j6hjr-1-1536x864.jpg 1536w, https:\/\/aviacionguayaquil.com\/wp-content\/uploads\/2024\/01\/pm_38_647_647990-9asj3j6hjr-1.jpg 1920w\" sizes=\"auto, (max-width: 1024px) 100vw, 1024px\" \/><\/figure>\n<\/div>\n\n\n<p>Certificada por la Agencia Europea de Seguridad A\u00e9rea en junio de 2020, esta nueva versi\u00f3n del helic\u00f3ptero ligero bimotor H145 m\u00e1s vendido de Airbus presenta un nuevo y innovador rotor de cinco palas que aumenta la carga \u00fatil en 150 kg al tiempo que ofrece nuevos niveles de comodidad, simplicidad y conectividad. Impulsado por dos motores Safran Arriel 2E, el H145 est\u00e1 equipado con control total del motor digital (FADEC) y la suite avi\u00f3nica digital Helionix. Incluye un piloto autom\u00e1tico de 4 ejes de alto rendimiento, aumentando la seguridad y reduciendo la carga de trabajo del piloto. Su huella ac\u00fastica particularmente baja hace que el H145 sea el helic\u00f3ptero m\u00e1s silencioso de su clase. Hoy, Airbus tiene m\u00e1s de 1,675 helic\u00f3pteros de la familia H145 en servicio en todo el mundo, acumulando un total de m\u00e1s de 7.6 millones de horas de vuelo.<\/p>\n","protected":false},"excerpt":{"rendered":"<p>La Direcci\u00f3n General de Armamento de Francia (DGA) orden\u00f3 42 nuevos helic\u00f3pteros H145 a finales de 2023, en nombre del Ministerio del Interior, con entregas programadas para iniciar en 2024. De estos 42 helic\u00f3pteros, 36 est\u00e1n destinados a la Agencia Francesa de Rescate y Respuesta de Emergencia, S\u00e9curit\u00e9 Civile, mientras que la Agencia de Aplicaci\u00f3n [&hellip;]<\/p>\n","protected":false},"author":1,"featured_media":190,"comment_status":"open","ping_status":"open","sticky":true,"template":"","format":"standard","meta":{"om_disable_all_campaigns":false,"_monsterinsights_skip_tracking":false,"_monsterinsights_sitenote_active":false,"_monsterinsights_sitenote_note":"","_monsterinsights_sitenote_category":0,"_uf_show_specific_survey":0,"_uf_disable_surveys":false,"footnotes":""},"categories":[16],"tags":[22,27,60,101,98,97,100,102,54,99],"class_list":["post-188","post","type-post","status-publish","format-standard","has-post-thumbnail","hentry","category-militar","tag-airbus","tag-airbus-helicopters","tag-aviacion-guayaquil","tag-europe","tag-francia","tag-h145","tag-helicopteros","tag-location","tag-news","tag-securite-civile"],"_links":{"self":[{"href":"https:\/\/aviacionguayaquil.com\/index.php\/wp-json\/wp\/v2\/posts\/188","targetHints":{"allow":["GET"]}}],"collection":[{"href":"https:\/\/aviacionguayaquil.com\/index.php\/wp-json\/wp\/v2\/posts"}],"about":[{"href":"https:\/\/aviacionguayaquil.com\/index.php\/wp-json\/wp\/v2\/types\/post"}],"author":[{"embeddable":true,"href":"https:\/\/aviacionguayaquil.com\/index.php\/wp-json\/wp\/v2\/users\/1"}],"replies":[{"embeddable":true,"href":"https:\/\/aviacionguayaquil.com\/index.php\/wp-json\/wp\/v2\/comments?post=188"}],"version-history":[{"count":2,"href":"https:\/\/aviacionguayaquil.com\/index.php\/wp-json\/wp\/v2\/posts\/188\/revisions"}],"predecessor-version":[{"id":193,"href":"https:\/\/aviacionguayaquil.com\/index.php\/wp-json\/wp\/v2\/posts\/188\/revisions\/193"}],"wp:featuredmedia":[{"embeddable":true,"href":"https:\/\/aviacionguayaquil.com\/index.php\/wp-json\/wp\/v2\/media\/190"}],"wp:attachment":[{"href":"https:\/\/aviacionguayaquil.com\/index.php\/wp-json\/wp\/v2\/media?parent=188"}],"wp:term":[{"taxonomy":"category","embeddable":true,"href":"https:\/\/aviacionguayaquil.com\/index.php\/wp-json\/wp\/v2\/categories?post=188"},{"taxonomy":"post_tag","embeddable":true,"href":"https:\/\/aviacionguayaquil.com\/index.php\/wp-json\/wp\/v2\/tags?post=188"}],"curies":[{"name":"wp","href":"https:\/\/api.w.org\/{rel}","templated":true}]}}