{"id":202,"date":"2024-01-29T23:31:29","date_gmt":"2024-01-29T22:31:29","guid":{"rendered":"https:\/\/aviacionguayaquil.com\/?p=202"},"modified":"2024-01-29T23:31:30","modified_gmt":"2024-01-29T22:31:30","slug":"american-airlines-y-west-los-angeles-college-unen-fuerzas-para-formar-a-futuros-profesionales-de-mantenimiento-de-aviacion","status":"publish","type":"post","link":"https:\/\/aviacionguayaquil.com\/index.php\/2024\/01\/29\/american-airlines-y-west-los-angeles-college-unen-fuerzas-para-formar-a-futuros-profesionales-de-mantenimiento-de-aviacion\/","title":{"rendered":"American Airlines y West Los Angeles College unen fuerzas para formar a futuros profesionales de mantenimiento de aviaci\u00f3n."},"content":{"rendered":"\n<p>Estudiantes del programa de t\u00e9cnico en mantenimiento de aviaci\u00f3n de West Los Angeles College cuentan ahora con nuevas herramientas en sus cajas de herramientas, \u00a1m\u00e1s de 450, para ser exactos! Gracias a la emocionante asociaci\u00f3n con American Airlines, los estudiantes ahora tienen acceso directo a los t\u00e9cnicos de mantenimiento de aviaci\u00f3n (AMTs) de la aerol\u00ednea con sede en Los \u00c1ngeles, a trav\u00e9s de oportunidades continuas de participaci\u00f3n y entrevistas garantizadas para los estudiantes con mejores rendimientos.<\/p>\n\n\n\n<p>\u00abAmerican se complace en asociarse con West Los Angeles College para formar a la pr\u00f3xima generaci\u00f3n de profesionales en mantenimiento de aviaci\u00f3n\u00bb, dijo Evie Garces, Vicepresidenta de Mantenimiento en L\u00ednea de American. \u00abLa demanda de AMTs bien entrenados es alta, y West prepara a los estudiantes para carreras exitosas y lucrativas. Nuestro equipo de AMTs con base local est\u00e1 ansioso por trabajar codo a codo con los estudiantes, brindando mentor\u00eda continua y experiencia del mundo real. American ha servido con orgullo a Los \u00c1ngeles durante m\u00e1s de 75 a\u00f1os, y esta es solo otra forma en que continuamos apoyando a la comunidad donde viven y trabajan nuestros clientes y miembros del equipo\u00bb.<\/p>\n\n\n\n<p>\u00abLos estudiantes, profesores y personal de West est\u00e1n emocionados con el lanzamiento de esta nueva asociaci\u00f3n con American Airlines y las oportunidades \u00fanicas que brindar\u00e1 a nuestros estudiantes\u00bb, dijo el Dr. James Limbaugh, Presidente de West Los Angeles College. \u00abEl equipo de profesionales de mantenimiento de aviaci\u00f3n de American es el mejor en el negocio, y estamos ansiosos por darles la bienvenida al campus. Nuestros estudiantes se beneficiar\u00e1n enormemente de su experiencia y tendr\u00e1n una ventaja competitiva al graduarse e ingresar al mundo laboral. En West, nuestro lema es &#8216;Ve hacia el oeste. Llega lejos.&#8217; Con esta asociaci\u00f3n, nuestros estudiantes llegar\u00e1n a\u00fan m\u00e1s lejos que antes\u00bb.<\/p>\n\n\n\n<p>West Los Angeles College ha servido a la comunidad de Los \u00c1ngeles desde 1969 y es una Instituci\u00f3n de Servicio Hispano designada. La universidad ofrece t\u00edtulos de transferencia tradicionales y asociados a trav\u00e9s de sus programas acad\u00e9micos, as\u00ed como certificados y programas especiales. Cada semestre, la universidad ofrece casi 1,000 clases en 12 disciplinas acad\u00e9micas diferentes.<\/p>\n\n\n\n<p>American y sus filiales emplean a casi 7,000 miembros del equipo en el Aeropuerto Internacional de Los \u00c1ngeles (LAX), incluidos 468 en el equipo de mantenimiento en l\u00ednea de la aerol\u00ednea, que ayuda a mantener la flota principal de m\u00e1s de 950 aviones.<\/p>\n","protected":false},"excerpt":{"rendered":"<p>West Los Angeles College y American Airlines se asocian para capacitar a futuros profesionales en mantenimiento de aviaci\u00f3n, brindando a los estudiantes acceso directo a los t\u00e9cnicos de la aerol\u00ednea y garantizando entrevistas. La colaboraci\u00f3n promete oportunidades \u00fanicas y ventajas competitivas para los graduados.<\/p>\n","protected":false},"author":1,"featured_media":203,"comment_status":"open","ping_status":"open","sticky":true,"template":"","format":"standard","meta":{"om_disable_all_campaigns":false,"_monsterinsights_skip_tracking":false,"_monsterinsights_sitenote_active":false,"_monsterinsights_sitenote_note":"","_monsterinsights_sitenote_category":0,"_uf_show_specific_survey":0,"_uf_disable_surveys":false,"footnotes":""},"categories":[19],"tags":[120,117,26,60,14,121,119,54,118],"class_list":["post-202","post","type-post","status-publish","format-standard","has-post-thumbnail","hentry","category-aerolineas","tag-aerolinea","tag-american-airlines","tag-aviacion-comercial","tag-aviacion-guayaquil","tag-aviation","tag-los-angles","tag-mantenimiento","tag-news","tag-west-los-angeles-collage"],"_links":{"self":[{"href":"https:\/\/aviacionguayaquil.com\/index.php\/wp-json\/wp\/v2\/posts\/202","targetHints":{"allow":["GET"]}}],"collection":[{"href":"https:\/\/aviacionguayaquil.com\/index.php\/wp-json\/wp\/v2\/posts"}],"about":[{"href":"https:\/\/aviacionguayaquil.com\/index.php\/wp-json\/wp\/v2\/types\/post"}],"author":[{"embeddable":true,"href":"https:\/\/aviacionguayaquil.com\/index.php\/wp-json\/wp\/v2\/users\/1"}],"replies":[{"embeddable":true,"href":"https:\/\/aviacionguayaquil.com\/index.php\/wp-json\/wp\/v2\/comments?post=202"}],"version-history":[{"count":2,"href":"https:\/\/aviacionguayaquil.com\/index.php\/wp-json\/wp\/v2\/posts\/202\/revisions"}],"predecessor-version":[{"id":205,"href":"https:\/\/aviacionguayaquil.com\/index.php\/wp-json\/wp\/v2\/posts\/202\/revisions\/205"}],"wp:featuredmedia":[{"embeddable":true,"href":"https:\/\/aviacionguayaquil.com\/index.php\/wp-json\/wp\/v2\/media\/203"}],"wp:attachment":[{"href":"https:\/\/aviacionguayaquil.com\/index.php\/wp-json\/wp\/v2\/media?parent=202"}],"wp:term":[{"taxonomy":"category","embeddable":true,"href":"https:\/\/aviacionguayaquil.com\/index.php\/wp-json\/wp\/v2\/categories?post=202"},{"taxonomy":"post_tag","embeddable":true,"href":"https:\/\/aviacionguayaquil.com\/index.php\/wp-json\/wp\/v2\/tags?post=202"}],"curies":[{"name":"wp","href":"https:\/\/api.w.org\/{rel}","templated":true}]}}