{"id":319,"date":"2024-02-07T23:02:16","date_gmt":"2024-02-08T04:02:16","guid":{"rendered":"https:\/\/aviacionguayaquil.com\/?p=319"},"modified":"2024-02-07T23:10:33","modified_gmt":"2024-02-08T04:10:33","slug":"ecuatoriana-airlines-anuncia-ronda-de-inversiones-para-reactivacion-y-expansion","status":"publish","type":"post","link":"https:\/\/aviacionguayaquil.com\/index.php\/2024\/02\/07\/ecuatoriana-airlines-anuncia-ronda-de-inversiones-para-reactivacion-y-expansion\/","title":{"rendered":"Ecuatoriana Airlines anuncia ronda de inversiones para reactivaci\u00f3n y expansi\u00f3n"},"content":{"rendered":"\n<p>En un emotivo mensaje dirigido a sus queridos seguidores, Ecuatoriana Airlines ha expresado su profunda gratitud y compromiso renovado hacia su fiel audiencia. Durante un per\u00edodo de silencio en sus redes sociales y operaciones, la aerol\u00ednea ha querido destacar el apoyo continuo y la lealtad de sus seguidores a lo largo de los a\u00f1os.<\/p>\n\n\n\n<p>La compa\u00f1\u00eda ha enfrentado desaf\u00edos significativos en tiempos recientes, especialmente dados los contextos de inseguridad y la situaci\u00f3n pol\u00edtica-econ\u00f3mica en Ecuador. Sin embargo, han trabajado incansablemente detr\u00e1s de escena para encontrar soluciones y continuar sirviendo a su comunidad de viajeros.<\/p>\n\n\n\n<p>Con optimismo, Ecuatoriana Airlines ha revelado que est\u00e1 en proceso de formar parte de una ronda de inversiones, gracias a la invitaci\u00f3n de las prestigiosas firmas estadounidenses StrtupBoost y WeFunder. Esta oportunidad permitir\u00e1 a la aerol\u00ednea volver a poner sus servicios en el mercado y seguir adelante con su misi\u00f3n de ofrecer vuelos econ\u00f3micos a nivel nacional. Adjuntamos el link: <a href=\"https:\/\/www.bigmarker.com\/strtupboost\/StrtupBoost-Crowdfunding-Pitch-Night-26671f2896f6e4ccf7e81039?show_live_page=true\" target=\"_blank\" rel=\"noopener\">https:\/\/www.bigmarker.com\/strtupboost\/StrtupBoost-Crowdfunding-Pitch-Night-26671f2896f6e4ccf7e81039?show_live_page=true<\/a><\/p>\n\n\n\n<p>La invitaci\u00f3n se extiende a todo tipo de inversionistas, grandes y peque\u00f1os, para participar en la ronda de inversiones que se llevar\u00e1 a cabo el pr\u00f3ximo jueves 8 de febrero. Este acontecimiento marca un hito importante en el camino hacia la reactivaci\u00f3n econ\u00f3mica del Ecuador a trav\u00e9s de una aerol\u00ednea 100% ecuatoriana.<\/p>\n\n\n\n<p>\u00abQueremos que sepan que su confianza y lealtad son el motor que impulsa nuestra b\u00fasqueda de un renacimiento\u00bb, afirma el mensaje de Ecuatoriana Airlines. La compa\u00f1\u00eda reitera su compromiso no solo para mejorar la conectividad a\u00e9rea y el turismo local, sino tambi\u00e9n para generar empleo y atraer mayor inversi\u00f3n al pa\u00eds.<\/p>\n\n\n\n<figure class=\"wp-block-image size-large\"><img loading=\"lazy\" decoding=\"async\" width=\"724\" height=\"1024\" src=\"http:\/\/aviacionguayaquil.com\/wp-content\/uploads\/2024\/02\/Social-Media-Post-2-7-24_page-0001-1-724x1024.jpg\" alt=\"\" class=\"wp-image-315\" srcset=\"https:\/\/aviacionguayaquil.com\/wp-content\/uploads\/2024\/02\/Social-Media-Post-2-7-24_page-0001-1-724x1024.jpg 724w, https:\/\/aviacionguayaquil.com\/wp-content\/uploads\/2024\/02\/Social-Media-Post-2-7-24_page-0001-1-212x300.jpg 212w, https:\/\/aviacionguayaquil.com\/wp-content\/uploads\/2024\/02\/Social-Media-Post-2-7-24_page-0001-1-768x1086.jpg 768w, https:\/\/aviacionguayaquil.com\/wp-content\/uploads\/2024\/02\/Social-Media-Post-2-7-24_page-0001-1-1086x1536.jpg 1086w, https:\/\/aviacionguayaquil.com\/wp-content\/uploads\/2024\/02\/Social-Media-Post-2-7-24_page-0001-1-1448x2048.jpg 1448w, https:\/\/aviacionguayaquil.com\/wp-content\/uploads\/2024\/02\/Social-Media-Post-2-7-24_page-0001-1-scaled.jpg 1811w\" sizes=\"auto, (max-width: 724px) 100vw, 724px\" \/><\/figure>\n","protected":false},"excerpt":{"rendered":"<p>En un emotivo mensaje dirigido a sus queridos seguidores, Ecuatoriana Airlines ha expresado su profunda gratitud y compromiso renovado hacia su fiel audiencia. Durante un per\u00edodo de silencio en sus redes sociales y operaciones, la aerol\u00ednea ha querido destacar el apoyo continuo y la lealtad de sus seguidores a lo largo de los a\u00f1os. La [&hellip;]<\/p>\n","protected":false},"author":1,"featured_media":322,"comment_status":"open","ping_status":"open","sticky":true,"template":"","format":"standard","meta":{"om_disable_all_campaigns":false,"_monsterinsights_skip_tracking":false,"_monsterinsights_sitenote_active":false,"_monsterinsights_sitenote_note":"","_monsterinsights_sitenote_category":0,"_uf_show_specific_survey":0,"_uf_disable_surveys":false,"footnotes":""},"categories":[19],"tags":[192,26,60,14,162,161,54,190,191],"class_list":["post-319","post","type-post","status-publish","format-standard","has-post-thumbnail","hentry","category-aerolineas","tag-aerolinea-ecuador","tag-aviacion-comercial","tag-aviacion-guayaquil","tag-aviation","tag-ecuatoriana","tag-ecuatoriana-airlines","tag-news","tag-strtupboost","tag-wefunder"],"_links":{"self":[{"href":"https:\/\/aviacionguayaquil.com\/index.php\/wp-json\/wp\/v2\/posts\/319","targetHints":{"allow":["GET"]}}],"collection":[{"href":"https:\/\/aviacionguayaquil.com\/index.php\/wp-json\/wp\/v2\/posts"}],"about":[{"href":"https:\/\/aviacionguayaquil.com\/index.php\/wp-json\/wp\/v2\/types\/post"}],"author":[{"embeddable":true,"href":"https:\/\/aviacionguayaquil.com\/index.php\/wp-json\/wp\/v2\/users\/1"}],"replies":[{"embeddable":true,"href":"https:\/\/aviacionguayaquil.com\/index.php\/wp-json\/wp\/v2\/comments?post=319"}],"version-history":[{"count":2,"href":"https:\/\/aviacionguayaquil.com\/index.php\/wp-json\/wp\/v2\/posts\/319\/revisions"}],"predecessor-version":[{"id":323,"href":"https:\/\/aviacionguayaquil.com\/index.php\/wp-json\/wp\/v2\/posts\/319\/revisions\/323"}],"wp:featuredmedia":[{"embeddable":true,"href":"https:\/\/aviacionguayaquil.com\/index.php\/wp-json\/wp\/v2\/media\/322"}],"wp:attachment":[{"href":"https:\/\/aviacionguayaquil.com\/index.php\/wp-json\/wp\/v2\/media?parent=319"}],"wp:term":[{"taxonomy":"category","embeddable":true,"href":"https:\/\/aviacionguayaquil.com\/index.php\/wp-json\/wp\/v2\/categories?post=319"},{"taxonomy":"post_tag","embeddable":true,"href":"https:\/\/aviacionguayaquil.com\/index.php\/wp-json\/wp\/v2\/tags?post=319"}],"curies":[{"name":"wp","href":"https:\/\/api.w.org\/{rel}","templated":true}]}}