{"id":361,"date":"2024-02-16T11:32:31","date_gmt":"2024-02-16T16:32:31","guid":{"rendered":"https:\/\/aviacionguayaquil.com\/?p=361"},"modified":"2024-02-16T11:32:32","modified_gmt":"2024-02-16T16:32:32","slug":"klm-revela-el-nuevo-diseno-exterior-del-a321neo","status":"publish","type":"post","link":"https:\/\/aviacionguayaquil.com\/index.php\/2024\/02\/16\/klm-revela-el-nuevo-diseno-exterior-del-a321neo\/","title":{"rendered":"KLM revela el nuevo dise\u00f1o exterior del A321neo"},"content":{"rendered":"<p style=\"text-align: justify;\">La aerol\u00ednea holandesa KLM sorprende al mundo con la presentaci\u00f3n de su nueva imagen para la flota, la cual no solo es llamativa visualmente, sino tambi\u00e9n pr\u00e1ctica en t\u00e9rminos de mantenimiento. La aeronave elegida para lucir este nuevo dise\u00f1o es el moderno y eficiente Airbus A321neo.<\/p>\n<p style=\"text-align: justify;\">La destacada caracter\u00edstica del nuevo dise\u00f1o exterior es el cambio en la l\u00ednea oscura que separa el distintivo azul y blanco de KLM, la cual ahora se extiende m\u00e1s hacia abajo, cubriendo completamente el domo de la nariz en azul. Esta modificaci\u00f3n estrat\u00e9gica permitir\u00e1 que, en caso de necesidad de reemplazo de la nariz, se pueda instalar una nueva sin alterar los distintivos azules caracter\u00edsticos de la aerol\u00ednea. Adem\u00e1s, se ha a\u00f1adido un delineado negro alrededor de las ventanas de la cabina, otorg\u00e1ndoles un aspecto moderno, casi como gafas de sol.<\/p>\n<p style=\"text-align: justify;\">La comodidad de los pasajeros alcanza nuevos niveles gracias a las mejoras implementadas en el interior del Airbus A321neo. Los asientos m\u00e1s amplios, mesas de bandeja m\u00e1s grandes y compartimientos de equipaje espaciosos aseguran un viaje m\u00e1s placentero. Cada asiento est\u00e1 equipado con un soporte para tabletas y un puerto USB para mayor conveniencia de los pasajeros. Adem\u00e1s, la iluminaci\u00f3n ambiental multicolor, que se ajusta en cada etapa del vuelo, crea una atm\u00f3sfera relajante. Los miembros de la tripulaci\u00f3n tambi\u00e9n se benefician de un pasillo m\u00e1s ancho y compartimentos de f\u00e1cil acceso, lo que facilita su labor a bordo. Detalles en azul adicionales y una iluminaci\u00f3n especial en la entrada complementan el dise\u00f1o interior del A321neo, asegurando una c\u00e1lida bienvenida a los pasajeros.<\/p>\n<p style=\"text-align: justify;\">Adem\u00e1s de brindar mayor comodidad, el Airbus A321neo de KLM es m\u00e1s limpio, silencioso y eficiente en t\u00e9rminos de combustible. Con estos beneficios, KLM se prepara para introducir las operaciones con el Airbus A321neo en agosto, reafirmando su compromiso con la innovaci\u00f3n y la excelencia en la experiencia de vuelo.<\/p>\n","protected":false},"excerpt":{"rendered":"<p>La aerol\u00ednea holandesa KLM sorprende al mundo con la presentaci\u00f3n de su nueva imagen para la flota, la cual no solo es llamativa visualmente, sino tambi\u00e9n pr\u00e1ctica en t\u00e9rminos de mantenimiento. La aeronave elegida para lucir este nuevo dise\u00f1o es el moderno y eficiente Airbus A321neo. La destacada caracter\u00edstica del nuevo dise\u00f1o exterior es el [&hellip;]<\/p>\n","protected":false},"author":1,"featured_media":362,"comment_status":"open","ping_status":"open","sticky":true,"template":"","format":"standard","meta":{"om_disable_all_campaigns":false,"_monsterinsights_skip_tracking":false,"_monsterinsights_sitenote_active":false,"_monsterinsights_sitenote_note":"","_monsterinsights_sitenote_category":0,"_uf_show_specific_survey":0,"_uf_disable_surveys":false,"footnotes":""},"categories":[19],"tags":[215,216,26,60,182,54],"class_list":["post-361","post","type-post","status-publish","format-standard","has-post-thumbnail","hentry","category-aerolineas","tag-a321neo","tag-a321neoklm","tag-aviacion-comercial","tag-aviacion-guayaquil","tag-klm","tag-news"],"_links":{"self":[{"href":"https:\/\/aviacionguayaquil.com\/index.php\/wp-json\/wp\/v2\/posts\/361","targetHints":{"allow":["GET"]}}],"collection":[{"href":"https:\/\/aviacionguayaquil.com\/index.php\/wp-json\/wp\/v2\/posts"}],"about":[{"href":"https:\/\/aviacionguayaquil.com\/index.php\/wp-json\/wp\/v2\/types\/post"}],"author":[{"embeddable":true,"href":"https:\/\/aviacionguayaquil.com\/index.php\/wp-json\/wp\/v2\/users\/1"}],"replies":[{"embeddable":true,"href":"https:\/\/aviacionguayaquil.com\/index.php\/wp-json\/wp\/v2\/comments?post=361"}],"version-history":[{"count":2,"href":"https:\/\/aviacionguayaquil.com\/index.php\/wp-json\/wp\/v2\/posts\/361\/revisions"}],"predecessor-version":[{"id":364,"href":"https:\/\/aviacionguayaquil.com\/index.php\/wp-json\/wp\/v2\/posts\/361\/revisions\/364"}],"wp:featuredmedia":[{"embeddable":true,"href":"https:\/\/aviacionguayaquil.com\/index.php\/wp-json\/wp\/v2\/media\/362"}],"wp:attachment":[{"href":"https:\/\/aviacionguayaquil.com\/index.php\/wp-json\/wp\/v2\/media?parent=361"}],"wp:term":[{"taxonomy":"category","embeddable":true,"href":"https:\/\/aviacionguayaquil.com\/index.php\/wp-json\/wp\/v2\/categories?post=361"},{"taxonomy":"post_tag","embeddable":true,"href":"https:\/\/aviacionguayaquil.com\/index.php\/wp-json\/wp\/v2\/tags?post=361"}],"curies":[{"name":"wp","href":"https:\/\/api.w.org\/{rel}","templated":true}]}}