{"id":433,"date":"2024-03-19T17:43:01","date_gmt":"2024-03-19T22:43:01","guid":{"rendered":"https:\/\/aviacionguayaquil.com\/?p=433"},"modified":"2024-03-19T17:43:03","modified_gmt":"2024-03-19T22:43:03","slug":"atlas-air-considera-realizar-un-pedido-de-a350f-o-b777-8f","status":"publish","type":"post","link":"https:\/\/aviacionguayaquil.com\/index.php\/2024\/03\/19\/atlas-air-considera-realizar-un-pedido-de-a350f-o-b777-8f\/","title":{"rendered":"Atlas Air considera realizar un pedido de A350F o B777-8F"},"content":{"rendered":"<p style=\"text-align: justify;\">El CEO de Atlas Air Worldwide Holdings, Michael Steen, inform\u00f3 a Bloomberg que est\u00e1n considerando realizar un pedido de la nueva generaci\u00f3n de A350Fs o B777-8Fs.<\/p>\n<p style=\"text-align: justify;\">Steen mencion\u00f3 que Atlas se encuentra en \u00abetapas relativamente avanzadas\u00bb en cuanto a las negociaciones con Airbus y Boeing. Sin embargo, desean obtener m\u00e1s claridad sobre los plazos de entrega antes de tomar una decisi\u00f3n. El B777-8F podr\u00eda ser entregado por primera vez hasta 2027, aunque los problemas de calidad de Estados Unidos podr\u00edan retrasar el programa. Mientras tanto, se espera que el A350F entre en servicio a principios de 2026.<\/p>\n<p style=\"text-align: justify;\">\u00abDefinitivamente, visualizo que vamos a crecer significativamente tanto en t\u00e9rminos de flota como desde una perspectiva de rentabilidad en los pr\u00f3ximos a\u00f1os\u00bb, agreg\u00f3.<\/p>\n<p style=\"text-align: justify;\">La empresa prev\u00e9 futuras presiones sobre el suministro de nuevos cargueros de fuselaje ancho. En una entrevista anterior con Bloomberg, Steen dijo que hay aproximadamente 650 cargueros de fuselaje ancho en todo el mundo, y casi el 20% de estos fuselajes est\u00e1n llegando a la edad de jubilaci\u00f3n. \u00abNosotros tenemos m\u00e1s del 10% de esa capacidad nosotros mismos [de los 650 cargueros de fuselaje ancho a nivel mundial], y claramente apuntamos a hacer crecer esa flota a medida que avanzamos. Estamos muy bien posicionados como empresa\u00bb, agreg\u00f3.<\/p>\n<p style=\"text-align: justify;\">El an\u00e1lisis de flotas muestra que Atlas Air (5Y, Nueva York JFK) opera 97 aeronaves, incluyendo ocho B737-800(BCF)s, treinta y nueve B747-400(F)s, cinco B747-400s, diez B747-8Fs, cinco B767-300ERs, veintitr\u00e9s B767-300Fs y siete B777-200Fs. La aerol\u00ednea hermana Polar Air Cargo (PO, Nueva York JFK) opera cuatro B747-8Fs, un B767-300ER(BDSF) y cuatro B777-200Fs.<\/p>\n","protected":false},"excerpt":{"rendered":"<p>El CEO de Atlas Air Worldwide Holdings, Michael Steen, inform\u00f3 a Bloomberg que est\u00e1n considerando realizar un pedido de la nueva generaci\u00f3n de A350Fs o B777-8Fs. Steen mencion\u00f3 que Atlas se encuentra en \u00abetapas relativamente avanzadas\u00bb en cuanto a las negociaciones con Airbus y Boeing. Sin embargo, desean obtener m\u00e1s claridad sobre los plazos de [&hellip;]<\/p>\n","protected":false},"author":1,"featured_media":434,"comment_status":"open","ping_status":"open","sticky":true,"template":"","format":"standard","meta":{"om_disable_all_campaigns":false,"_monsterinsights_skip_tracking":false,"_monsterinsights_sitenote_active":false,"_monsterinsights_sitenote_note":"","_monsterinsights_sitenote_category":0,"_uf_show_specific_survey":0,"_uf_disable_surveys":false,"footnotes":""},"categories":[61],"tags":[252,22,251,60,253,8,254,54],"class_list":["post-433","post","type-post","status-publish","format-standard","has-post-thumbnail","hentry","category-cargo","tag-a350f","tag-airbus","tag-atlas-air","tag-aviacion-guayaquil","tag-b777-f","tag-boeing","tag-freighter","tag-news"],"_links":{"self":[{"href":"https:\/\/aviacionguayaquil.com\/index.php\/wp-json\/wp\/v2\/posts\/433","targetHints":{"allow":["GET"]}}],"collection":[{"href":"https:\/\/aviacionguayaquil.com\/index.php\/wp-json\/wp\/v2\/posts"}],"about":[{"href":"https:\/\/aviacionguayaquil.com\/index.php\/wp-json\/wp\/v2\/types\/post"}],"author":[{"embeddable":true,"href":"https:\/\/aviacionguayaquil.com\/index.php\/wp-json\/wp\/v2\/users\/1"}],"replies":[{"embeddable":true,"href":"https:\/\/aviacionguayaquil.com\/index.php\/wp-json\/wp\/v2\/comments?post=433"}],"version-history":[{"count":2,"href":"https:\/\/aviacionguayaquil.com\/index.php\/wp-json\/wp\/v2\/posts\/433\/revisions"}],"predecessor-version":[{"id":436,"href":"https:\/\/aviacionguayaquil.com\/index.php\/wp-json\/wp\/v2\/posts\/433\/revisions\/436"}],"wp:featuredmedia":[{"embeddable":true,"href":"https:\/\/aviacionguayaquil.com\/index.php\/wp-json\/wp\/v2\/media\/434"}],"wp:attachment":[{"href":"https:\/\/aviacionguayaquil.com\/index.php\/wp-json\/wp\/v2\/media?parent=433"}],"wp:term":[{"taxonomy":"category","embeddable":true,"href":"https:\/\/aviacionguayaquil.com\/index.php\/wp-json\/wp\/v2\/categories?post=433"},{"taxonomy":"post_tag","embeddable":true,"href":"https:\/\/aviacionguayaquil.com\/index.php\/wp-json\/wp\/v2\/tags?post=433"}],"curies":[{"name":"wp","href":"https:\/\/api.w.org\/{rel}","templated":true}]}}