{"id":730,"date":"2024-07-05T15:12:10","date_gmt":"2024-07-05T20:12:10","guid":{"rendered":"https:\/\/aviacionguayaquil.com\/?p=730"},"modified":"2024-07-05T15:12:12","modified_gmt":"2024-07-05T20:12:12","slug":"sky-airlines-mejor-aerolinea-low-cost-de-sudamerica-por-cuarta-vez","status":"publish","type":"post","link":"https:\/\/aviacionguayaquil.com\/index.php\/2024\/07\/05\/sky-airlines-mejor-aerolinea-low-cost-de-sudamerica-por-cuarta-vez\/","title":{"rendered":"SKY Airlines: Mejor aerol\u00ednea low cost de Sudam\u00e9rica por cuarta vez"},"content":{"rendered":"<p style=\"text-align: justify;\">SKY Airlines ha sido nuevamente reconocida como la \u00abMejor Aerol\u00ednea Low Cost de Sudam\u00e9rica\u00bb en los prestigiosos World Airline Awards organizados por Skytrax, considerados los premios \u00abOscar\u00bb de la industria aeron\u00e1utica. Esta es la cuarta ocasi\u00f3n en que la aerol\u00ednea recibe este honor, tras haberlo obtenido en 2018, 2019 y 2022.<\/p>\n<p style=\"text-align: justify;\">El reconocimiento se basa en los resultados de 21,42 millones de encuestas online v\u00e1lidas, recolectadas de clientes de m\u00e1s de 100 nacionalidades entre septiembre de 2023 y mayo de 2024.<\/p>\n<p style=\"text-align: justify;\">La ceremonia de premiaci\u00f3n se llev\u00f3 a cabo en el prestigioso Fairmont Windsor Park, en el Reino Unido. Holger Paulmann, presidente de SKY, recibi\u00f3 el premio en nombre de la aerol\u00ednea y destac\u00f3 la importancia de este reconocimiento, que refleja la opini\u00f3n de los propios pasajeros en un per\u00edodo de significativo crecimiento para la compa\u00f1\u00eda, que ahora tiene presencia en nueve pa\u00edses de Am\u00e9rica. Paulmann coment\u00f3: \u00abEste premio nos motiva a seguir mejorando nuestra propuesta de valor. Este a\u00f1o lanzamos nuestro programa de fidelidad, ofreciendo diversos beneficios a nuestros pasajeros por volar con nosotros. Seguiremos trabajando para convertirnos en la aerol\u00ednea preferida de Latinoam\u00e9rica.\u00bb<\/p>\n<p style=\"text-align: justify;\">Edward Plaisted, CEO de Skytrax, felicit\u00f3 a SKY Airlines por su logro, afirmando: \u00abEste \u00e9xito y la validaci\u00f3n por parte de los clientes deben ser motivo de gran orgullo para la direcci\u00f3n y el personal de SKY Airlines.\u00bb<\/p>\n<p style=\"text-align: justify;\">Este galard\u00f3n destaca una vez m\u00e1s el compromiso de SKY Airlines con la calidad y la satisfacci\u00f3n del cliente, consolid\u00e1ndose como l\u00edder en el segmento de aerol\u00edneas de bajo costo en Sudam\u00e9rica.<\/p>\n","protected":false},"excerpt":{"rendered":"<p>SKY Airlines ha sido nuevamente reconocida como la \u00abMejor Aerol\u00ednea Low Cost de Sudam\u00e9rica\u00bb en los prestigiosos World Airline Awards organizados por Skytrax, considerados los premios \u00abOscar\u00bb de la industria aeron\u00e1utica. Esta es la cuarta ocasi\u00f3n en que la aerol\u00ednea recibe este honor, tras haberlo obtenido en 2018, 2019 y 2022. El reconocimiento se basa [&hellip;]<\/p>\n","protected":false},"author":1,"featured_media":731,"comment_status":"open","ping_status":"open","sticky":true,"template":"","format":"standard","meta":{"om_disable_all_campaigns":false,"_monsterinsights_skip_tracking":false,"_monsterinsights_sitenote_active":false,"_monsterinsights_sitenote_note":"","_monsterinsights_sitenote_category":0,"_uf_show_specific_survey":0,"_uf_disable_surveys":false,"footnotes":""},"categories":[19],"tags":[22,60,501,54,273,275,502],"class_list":["post-730","post","type-post","status-publish","format-standard","has-post-thumbnail","hentry","category-aerolineas","tag-airbus","tag-aviacion-guayaquil","tag-low-cost","tag-news","tag-sky","tag-sky-airlines","tag-skytrax"],"_links":{"self":[{"href":"https:\/\/aviacionguayaquil.com\/index.php\/wp-json\/wp\/v2\/posts\/730","targetHints":{"allow":["GET"]}}],"collection":[{"href":"https:\/\/aviacionguayaquil.com\/index.php\/wp-json\/wp\/v2\/posts"}],"about":[{"href":"https:\/\/aviacionguayaquil.com\/index.php\/wp-json\/wp\/v2\/types\/post"}],"author":[{"embeddable":true,"href":"https:\/\/aviacionguayaquil.com\/index.php\/wp-json\/wp\/v2\/users\/1"}],"replies":[{"embeddable":true,"href":"https:\/\/aviacionguayaquil.com\/index.php\/wp-json\/wp\/v2\/comments?post=730"}],"version-history":[{"count":1,"href":"https:\/\/aviacionguayaquil.com\/index.php\/wp-json\/wp\/v2\/posts\/730\/revisions"}],"predecessor-version":[{"id":732,"href":"https:\/\/aviacionguayaquil.com\/index.php\/wp-json\/wp\/v2\/posts\/730\/revisions\/732"}],"wp:featuredmedia":[{"embeddable":true,"href":"https:\/\/aviacionguayaquil.com\/index.php\/wp-json\/wp\/v2\/media\/731"}],"wp:attachment":[{"href":"https:\/\/aviacionguayaquil.com\/index.php\/wp-json\/wp\/v2\/media?parent=730"}],"wp:term":[{"taxonomy":"category","embeddable":true,"href":"https:\/\/aviacionguayaquil.com\/index.php\/wp-json\/wp\/v2\/categories?post=730"},{"taxonomy":"post_tag","embeddable":true,"href":"https:\/\/aviacionguayaquil.com\/index.php\/wp-json\/wp\/v2\/tags?post=730"}],"curies":[{"name":"wp","href":"https:\/\/api.w.org\/{rel}","templated":true}]}}