{"id":852,"date":"2024-08-12T12:29:41","date_gmt":"2024-08-12T17:29:41","guid":{"rendered":"https:\/\/aviacionguayaquil.com\/?p=852"},"modified":"2024-08-12T12:29:42","modified_gmt":"2024-08-12T17:29:42","slug":"air-canada-ajusta-su-flota-de-cargueros-que-significa-para-el-mercado-transatlantico","status":"publish","type":"post","link":"https:\/\/aviacionguayaquil.com\/index.php\/2024\/08\/12\/air-canada-ajusta-su-flota-de-cargueros-que-significa-para-el-mercado-transatlantico\/","title":{"rendered":"Air Canada ajusta su flota de cargueros: \u00bfQu\u00e9 significa para el mercado transatl\u00e1ntico?"},"content":{"rendered":"<p style=\"text-align: justify;\">En una reciente decisi\u00f3n estrat\u00e9gica, Air Canada ha reducido su flota de aviones cargueros en respuesta a la presi\u00f3n en el mercado transatl\u00e1ntico. Seg\u00fan los resultados del segundo trimestre publicados ayer, la aerol\u00ednea con sede en Montreal elimin\u00f3 dos Boeing 767 cargueros de su flota de ocho en abril.<\/p>\n<p style=\"text-align: justify;\">Esta medida forma parte de un ajuste m\u00e1s amplio en los planes de expansi\u00f3n de la flota de carga de Air Canada. Inicialmente, la aerol\u00ednea ten\u00eda previsto operar con 12 aviones cargueros, que inclu\u00edan 10 modelos 767 y dos Boeing 777. Sin embargo, en septiembre de 2023, cancel\u00f3 la orden de dos 777Fs nuevos.<\/p>\n<p style=\"text-align: justify;\">Adem\u00e1s, en mayo de este a\u00f1o, Air Canada revel\u00f3 que tambi\u00e9n cancel\u00f3 los planes de convertir dos aviones 767 adicionales en cargueros. Aunque la aerol\u00ednea no ha proporcionado explicaciones detalladas sobre estas cancelaciones, el mercado de carga transatl\u00e1ntico, que representa el mayor segmento de carga de la aerol\u00ednea, ha estado bajo presi\u00f3n durante los \u00faltimos 18 meses. Esto se debe en parte al aumento de la capacidad de las aerol\u00edneas de pasajeros en esta ruta y a una demanda de carga que ha sido mediocre.<\/p>\n<p style=\"text-align: justify;\">Los datos m\u00e1s recientes del TAC Index indican que las tarifas promedio de carga a\u00e9rea desde Frankfurt hacia Am\u00e9rica del Norte han disminuido considerablemente desde sus m\u00e1ximos pand\u00e9micos. En julio, las tarifas se situaron en $1.92 por kg, lo que representa una disminuci\u00f3n del 10% respecto al a\u00f1o anterior y est\u00e1 por debajo de los $2.11 por kg alcanzados en julio de 2019, un a\u00f1o ya considerado d\u00e9bil para la industria de carga a\u00e9rea.<\/p>\n<p style=\"text-align: justify;\">Durante el segundo trimestre, los ingresos de carga de Air Canada aumentaron un 1% interanual, alcanzando los $230 millones. Sin embargo, en el primer semestre del a\u00f1o, los ingresos por carga de la aerol\u00ednea disminuyeron un 4%. Los ingresos de carga generados en el Atl\u00e1ntico cayeron un 18.6% interanual, mientras que el Pac\u00edfico experiment\u00f3 un aumento del 32.8%. Los ingresos en Canad\u00e1 se mantuvieron estables en comparaci\u00f3n con el a\u00f1o anterior, el cruce fronterizo con EE.UU. subi\u00f3 un 19.5%, y \u00abotros\u00bb segmentos crecieron un 7.5%.<\/p>\n<p style=\"text-align: justify;\">La aerol\u00ednea explic\u00f3 que \u00abel aumento se debi\u00f3 principalmente a un mayor volumen de kilos cobrables de carga en aviones de pasajeros en la mayor\u00eda de los mercados y a mayores ingresos por carga en las Am\u00e9ricas\u00bb. No obstante, \u00abel aumento fue parcialmente compensado por un menor rendimiento por kilo en la mayor\u00eda de los mercados y por una menor operaci\u00f3n de cargueros en el mercado del Atl\u00e1ntico a\u00f1o tras a\u00f1o\u00bb.<\/p>\n<p style=\"text-align: justify;\">Estos cambios subrayan c\u00f3mo Air Canada est\u00e1 ajustando su estrategia de carga para adaptarse a las din\u00e1micas cambiantes del mercado transatl\u00e1ntico y optimizar su rendimiento financiero en el sector de carga.<\/p>\n","protected":false},"excerpt":{"rendered":"<p>En una reciente decisi\u00f3n estrat\u00e9gica, Air Canada ha reducido su flota de aviones cargueros en respuesta a la presi\u00f3n en el mercado transatl\u00e1ntico. Seg\u00fan los resultados del segundo trimestre publicados ayer, la aerol\u00ednea con sede en Montreal elimin\u00f3 dos Boeing 767 cargueros de su flota de ocho en abril. Esta medida forma parte de un [&hellip;]<\/p>\n","protected":false},"author":1,"featured_media":853,"comment_status":"open","ping_status":"open","sticky":true,"template":"","format":"standard","meta":{"om_disable_all_campaigns":false,"_monsterinsights_skip_tracking":false,"_monsterinsights_sitenote_active":false,"_monsterinsights_sitenote_note":"","_monsterinsights_sitenote_category":0,"_uf_show_specific_survey":0,"_uf_disable_surveys":false,"footnotes":""},"categories":[61],"tags":[611,610,60,14,612,8,54],"class_list":["post-852","post","type-post","status-publish","format-standard","has-post-thumbnail","hentry","category-cargo","tag-air-canada","tag-air-canada-cargo","tag-aviacion-guayaquil","tag-aviation","tag-b767-freighter","tag-boeing","tag-news"],"_links":{"self":[{"href":"https:\/\/aviacionguayaquil.com\/index.php\/wp-json\/wp\/v2\/posts\/852","targetHints":{"allow":["GET"]}}],"collection":[{"href":"https:\/\/aviacionguayaquil.com\/index.php\/wp-json\/wp\/v2\/posts"}],"about":[{"href":"https:\/\/aviacionguayaquil.com\/index.php\/wp-json\/wp\/v2\/types\/post"}],"author":[{"embeddable":true,"href":"https:\/\/aviacionguayaquil.com\/index.php\/wp-json\/wp\/v2\/users\/1"}],"replies":[{"embeddable":true,"href":"https:\/\/aviacionguayaquil.com\/index.php\/wp-json\/wp\/v2\/comments?post=852"}],"version-history":[{"count":1,"href":"https:\/\/aviacionguayaquil.com\/index.php\/wp-json\/wp\/v2\/posts\/852\/revisions"}],"predecessor-version":[{"id":854,"href":"https:\/\/aviacionguayaquil.com\/index.php\/wp-json\/wp\/v2\/posts\/852\/revisions\/854"}],"wp:featuredmedia":[{"embeddable":true,"href":"https:\/\/aviacionguayaquil.com\/index.php\/wp-json\/wp\/v2\/media\/853"}],"wp:attachment":[{"href":"https:\/\/aviacionguayaquil.com\/index.php\/wp-json\/wp\/v2\/media?parent=852"}],"wp:term":[{"taxonomy":"category","embeddable":true,"href":"https:\/\/aviacionguayaquil.com\/index.php\/wp-json\/wp\/v2\/categories?post=852"},{"taxonomy":"post_tag","embeddable":true,"href":"https:\/\/aviacionguayaquil.com\/index.php\/wp-json\/wp\/v2\/tags?post=852"}],"curies":[{"name":"wp","href":"https:\/\/api.w.org\/{rel}","templated":true}]}}