{"id":862,"date":"2024-08-13T14:30:31","date_gmt":"2024-08-13T19:30:31","guid":{"rendered":"https:\/\/aviacionguayaquil.com\/?p=862"},"modified":"2024-08-13T14:30:32","modified_gmt":"2024-08-13T19:30:32","slug":"american-airlines-cargo-amplia-su-presencia-en-cargoai-con-nuevos-origenes-europeos","status":"publish","type":"post","link":"https:\/\/aviacionguayaquil.com\/index.php\/2024\/08\/13\/american-airlines-cargo-amplia-su-presencia-en-cargoai-con-nuevos-origenes-europeos\/","title":{"rendered":"American Airlines Cargo ampl\u00eda su presencia en CargoAi con nuevos or\u00edgenes europeos"},"content":{"rendered":"<p style=\"text-align: justify;\">American Airlines Cargo ha ampliado su presencia en el portal de reservas en l\u00ednea CargoMART al a\u00f1adir nuevos or\u00edgenes europeos a su red. La aerol\u00ednea de Fort Worth ahora permite reservar carga desde B\u00e9lgica, Dinamarca, Francia, Alemania, Irlanda, Italia, Pa\u00edses Bajos, Portugal, Reino Unido, Espa\u00f1a y Suiza.<\/p>\n<p style=\"text-align: justify;\">Inicialmente, la compa\u00f1\u00eda lanz\u00f3 su presencia en el portal propiedad de CargoAi con sus vuelos en Francia desde mayo.<\/p>\n<p style=\"text-align: justify;\">Greg Schwendinger, presidente de American Airlines Cargo, coment\u00f3: \u201cEstamos entusiasmados de anunciar nuestro lanzamiento inaugural en CargoAI tras una prueba exitosa en Francia. Este es el primer hito en lo que esperamos sea una fuerte y colaborativa asociaci\u00f3n con CargoAI, as\u00ed como una parte crucial de nuestra estrategia de distribuci\u00f3n digital para expandir nuestro alcance de red a m\u00e1s clientes de carga\u201d.<\/p>\n<p style=\"text-align: justify;\">Las dos empresas expresaron su deseo de continuar su colaboraci\u00f3n con m\u00e1s expansiones regionales en el futuro.<\/p>\n<p style=\"text-align: justify;\">Matt Petot, CEO de CargoAi, a\u00f1adi\u00f3: \u201cEstamos encantados de extender nuestra colaboraci\u00f3n con American Airlines Cargo a m\u00faltiples or\u00edgenes europeos. Esta asociaci\u00f3n subraya nuestro compromiso de ofrecer a nuestros usuarios soluciones digitales de primera clase que optimicen sus operaciones y mejoren la eficiencia en la industria de carga a\u00e9rea\u201d.<\/p>\n<p style=\"text-align: justify;\">CargoAi destac\u00f3 que su plataforma ofrece la posibilidad de comparar opciones de vuelo seg\u00fan las emisiones de carbono, rastrear las emisiones de CO2 a nivel de env\u00edo y adquirir combustible de aviaci\u00f3n sostenible (SAF) cuando sea necesario.<\/p>\n<p style=\"text-align: justify;\">Este a\u00f1o, American Airlines Cargo ha estado incrementando su presencia digital. Adem\u00e1s de agregar su capacidad a CargoAi, tambi\u00e9n puso su red dom\u00e9stica en EE. UU. disponible en cargo.one a principios de este mes.<\/p>\n","protected":false},"excerpt":{"rendered":"<p>American Airlines Cargo ha ampliado su presencia en el portal de reservas en l\u00ednea CargoMART al a\u00f1adir nuevos or\u00edgenes europeos a su red. La aerol\u00ednea de Fort Worth ahora permite reservar carga desde B\u00e9lgica, Dinamarca, Francia, Alemania, Irlanda, Italia, Pa\u00edses Bajos, Portugal, Reino Unido, Espa\u00f1a y Suiza. Inicialmente, la compa\u00f1\u00eda lanz\u00f3 su presencia en el [&hellip;]<\/p>\n","protected":false},"author":1,"featured_media":863,"comment_status":"open","ping_status":"open","sticky":true,"template":"","format":"standard","meta":{"om_disable_all_campaigns":false,"_monsterinsights_skip_tracking":false,"_monsterinsights_sitenote_active":false,"_monsterinsights_sitenote_note":"","_monsterinsights_sitenote_category":0,"_uf_show_specific_survey":0,"_uf_disable_surveys":false,"footnotes":""},"categories":[61],"tags":[117,621,60,623,622,54],"class_list":["post-862","post","type-post","status-publish","format-standard","has-post-thumbnail","hentry","category-cargo","tag-american-airlines","tag-american-airlines-cargo","tag-aviacion-guayaquil","tag-cargo-freighter","tag-cargoai","tag-news"],"_links":{"self":[{"href":"https:\/\/aviacionguayaquil.com\/index.php\/wp-json\/wp\/v2\/posts\/862","targetHints":{"allow":["GET"]}}],"collection":[{"href":"https:\/\/aviacionguayaquil.com\/index.php\/wp-json\/wp\/v2\/posts"}],"about":[{"href":"https:\/\/aviacionguayaquil.com\/index.php\/wp-json\/wp\/v2\/types\/post"}],"author":[{"embeddable":true,"href":"https:\/\/aviacionguayaquil.com\/index.php\/wp-json\/wp\/v2\/users\/1"}],"replies":[{"embeddable":true,"href":"https:\/\/aviacionguayaquil.com\/index.php\/wp-json\/wp\/v2\/comments?post=862"}],"version-history":[{"count":1,"href":"https:\/\/aviacionguayaquil.com\/index.php\/wp-json\/wp\/v2\/posts\/862\/revisions"}],"predecessor-version":[{"id":864,"href":"https:\/\/aviacionguayaquil.com\/index.php\/wp-json\/wp\/v2\/posts\/862\/revisions\/864"}],"wp:featuredmedia":[{"embeddable":true,"href":"https:\/\/aviacionguayaquil.com\/index.php\/wp-json\/wp\/v2\/media\/863"}],"wp:attachment":[{"href":"https:\/\/aviacionguayaquil.com\/index.php\/wp-json\/wp\/v2\/media?parent=862"}],"wp:term":[{"taxonomy":"category","embeddable":true,"href":"https:\/\/aviacionguayaquil.com\/index.php\/wp-json\/wp\/v2\/categories?post=862"},{"taxonomy":"post_tag","embeddable":true,"href":"https:\/\/aviacionguayaquil.com\/index.php\/wp-json\/wp\/v2\/tags?post=862"}],"curies":[{"name":"wp","href":"https:\/\/api.w.org\/{rel}","templated":true}]}}