{"id":904,"date":"2024-08-19T16:52:16","date_gmt":"2024-08-19T21:52:16","guid":{"rendered":"https:\/\/aviacionguayaquil.com\/?p=904"},"modified":"2024-08-19T16:52:17","modified_gmt":"2024-08-19T21:52:17","slug":"lufthansa-cargo-expande-su-flota-con-el-decimoctavo-boeing-777-freighter","status":"publish","type":"post","link":"https:\/\/aviacionguayaquil.com\/index.php\/2024\/08\/19\/lufthansa-cargo-expande-su-flota-con-el-decimoctavo-boeing-777-freighter\/","title":{"rendered":"Lufthansa Cargo expande su flota con el decimoctavo Boeing 777 freighter"},"content":{"rendered":"<p style=\"text-align: justify;\">El 17 de agosto, la aerol\u00ednea alemana recibi\u00f3 su nuevo B777F en el Aeropuerto de Frankfurt (FRA), su principal hub. La aeronave lleg\u00f3 directamente desde la planta de Boeing en Everett, Washington, EE.UU.<\/p>\n<p style=\"text-align: justify;\">Con esta nueva adici\u00f3n, Lufthansa Cargo opera 12 aviones 777F propios y seis m\u00e1s a trav\u00e9s de AeroLogic, su joint venture con DHL.<\/p>\n<p style=\"text-align: justify;\">Ashwin Bhat, CEO de Lufthansa Cargo, destac\u00f3: \u201cEste nuevo carguero nos permite ofrecer m\u00e1s capacidad a nuestros clientes y crecer en el mercado global, manteniendo nuestro compromiso con la sostenibilidad.\u201d<\/p>\n<p style=\"text-align: justify;\">El avi\u00f3n ha sido bautizado como \u201c\u00a1Hola Argentina!\u201d, en l\u00ednea con la tradici\u00f3n de la aerol\u00ednea de dar nombres globales a sus aeronaves.<\/p>\n<p style=\"text-align: justify;\">Lufthansa Cargo tambi\u00e9n ha ampliado sus rutas con vuelos 777F a Monterrey, Shenzhen y Zhengzhou, impulsando su respuesta a la creciente demanda del comercio electr\u00f3nico desde China.<\/p>\n<p style=\"text-align: justify;\">Adem\u00e1s, la red global de la aerol\u00ednea se complementa con cuatro Airbus A321F y la capacidad de carga en las bodegas de Lufthansa y sus aerol\u00edneas asociadas, optimizando su oferta en rutas de corto y medio alcance.<\/p>\n","protected":false},"excerpt":{"rendered":"<p>El 17 de agosto, la aerol\u00ednea alemana recibi\u00f3 su nuevo B777F en el Aeropuerto de Frankfurt (FRA), su principal hub. La aeronave lleg\u00f3 directamente desde la planta de Boeing en Everett, Washington, EE.UU. Con esta nueva adici\u00f3n, Lufthansa Cargo opera 12 aviones 777F propios y seis m\u00e1s a trav\u00e9s de AeroLogic, su joint venture con [&hellip;]<\/p>\n","protected":false},"author":1,"featured_media":905,"comment_status":"open","ping_status":"open","sticky":true,"template":"","format":"standard","meta":{"om_disable_all_campaigns":false,"_monsterinsights_skip_tracking":false,"_monsterinsights_sitenote_active":false,"_monsterinsights_sitenote_note":"","_monsterinsights_sitenote_category":0,"_uf_show_specific_survey":0,"_uf_disable_surveys":false,"footnotes":""},"categories":[61],"tags":[60,8,494,59,658,657,54],"class_list":["post-904","post","type-post","status-publish","format-standard","has-post-thumbnail","hentry","category-cargo","tag-aviacion-guayaquil","tag-boeing","tag-boeing-777-freighters","tag-cargo","tag-hola-argentina","tag-lufthansa-cargo","tag-news"],"_links":{"self":[{"href":"https:\/\/aviacionguayaquil.com\/index.php\/wp-json\/wp\/v2\/posts\/904","targetHints":{"allow":["GET"]}}],"collection":[{"href":"https:\/\/aviacionguayaquil.com\/index.php\/wp-json\/wp\/v2\/posts"}],"about":[{"href":"https:\/\/aviacionguayaquil.com\/index.php\/wp-json\/wp\/v2\/types\/post"}],"author":[{"embeddable":true,"href":"https:\/\/aviacionguayaquil.com\/index.php\/wp-json\/wp\/v2\/users\/1"}],"replies":[{"embeddable":true,"href":"https:\/\/aviacionguayaquil.com\/index.php\/wp-json\/wp\/v2\/comments?post=904"}],"version-history":[{"count":1,"href":"https:\/\/aviacionguayaquil.com\/index.php\/wp-json\/wp\/v2\/posts\/904\/revisions"}],"predecessor-version":[{"id":906,"href":"https:\/\/aviacionguayaquil.com\/index.php\/wp-json\/wp\/v2\/posts\/904\/revisions\/906"}],"wp:featuredmedia":[{"embeddable":true,"href":"https:\/\/aviacionguayaquil.com\/index.php\/wp-json\/wp\/v2\/media\/905"}],"wp:attachment":[{"href":"https:\/\/aviacionguayaquil.com\/index.php\/wp-json\/wp\/v2\/media?parent=904"}],"wp:term":[{"taxonomy":"category","embeddable":true,"href":"https:\/\/aviacionguayaquil.com\/index.php\/wp-json\/wp\/v2\/categories?post=904"},{"taxonomy":"post_tag","embeddable":true,"href":"https:\/\/aviacionguayaquil.com\/index.php\/wp-json\/wp\/v2\/tags?post=904"}],"curies":[{"name":"wp","href":"https:\/\/api.w.org\/{rel}","templated":true}]}}