{"id":928,"date":"2024-08-26T16:24:33","date_gmt":"2024-08-26T21:24:33","guid":{"rendered":"https:\/\/aviacionguayaquil.com\/?p=928"},"modified":"2024-08-26T16:26:46","modified_gmt":"2024-08-26T21:26:46","slug":"atlas-air-expande-su-flota-con-tres-nuevos-boeing-747-8f-para-satisfacer-la-demanda-global-de-carga-aerea","status":"publish","type":"post","link":"https:\/\/aviacionguayaquil.com\/index.php\/2024\/08\/26\/atlas-air-expande-su-flota-con-tres-nuevos-boeing-747-8f-para-satisfacer-la-demanda-global-de-carga-aerea\/","title":{"rendered":"Atlas Air expande su flota con tres nuevos Boeing 747-8 Cargueros para satisfacer la demanda global de carga a\u00e9rea"},"content":{"rendered":"<p style=\"text-align: justify;\">Atlas Air Worldwide Holdings ha anunciado la incorporaci\u00f3n de tres nuevos aviones de carga Boeing 747-8 a su flota, en respuesta a la fuerte demanda global de capacidad a\u00e9rea de carga de fuselaje ancho, especialmente en el sector del comercio electr\u00f3nico transfronterizo.<\/p>\n<p style=\"text-align: justify;\">Estos tres Boeing 747-8F adicionales, asegurados mediante contratos de arrendamiento financiero a largo plazo con BOC Aviation, est\u00e1n programados para entrar en servicio a finales del tercer trimestre de 2024.<\/p>\n<p style=\"text-align: justify;\">\u00abAtlas es el mayor operador mundial de aviones de carga 747, y estamos entusiasmados de ampliar nuestra flota de fuselaje ancho con estos tres 747-8F, tras la adquisici\u00f3n de cuatro 747-400F que colocamos con clientes bajo acuerdos a largo plazo a principios de este a\u00f1o\u00bb, declar\u00f3 Michael Steen, Director Ejecutivo de Atlas Air Worldwide. \u00abNuestro crecimiento en este tipo de aeronaves subraya el compromiso de Atlas con la plataforma 747-freighter y el valor que aporta a nuestros clientes, incluyendo una significativa capacidad de carga y la capacidad \u00fanica de carga por la nariz.\u00bb<\/p>\n<p style=\"text-align: justify;\">El Sr. Steen continu\u00f3: \u00abLa demanda de grandes aviones de carga de fuselaje ancho sigue siendo fuerte, y con nuestro robusto pipeline, colocaremos estos aviones con clientes bajo atractivos acuerdos a largo plazo. A trav\u00e9s de nuestras continuas inversiones en innovaci\u00f3n y en nuestra flota, seguimos creando una mayor flexibilidad operativa, proporcionando un servicio de clase mundial y actuando como un socio de confianza para nuestros clientes.\u00bb<\/p>\n<p style=\"text-align: justify;\">Steven Townend, Director Ejecutivo y Director General de BOC Aviation, a\u00f1adi\u00f3: \u00abAtlas gestiona la mayor flota mundial de aviones de carga Boeing 747 y est\u00e1 idealmente posicionada para asociarse con nosotros en la operaci\u00f3n de estas aeronaves de \u00faltima generaci\u00f3n. A medida que los vol\u00famenes de carga a\u00e9rea global alcanzan niveles r\u00e9cord, esta transacci\u00f3n destaca nuestra capacidad para proporcionar soluciones de capacidad a una amplia variedad de clientes de aerol\u00edneas.\u00bb<\/p>\n<p style=\"text-align: justify;\">El 747-8F se destaca como el carguero de fuselaje ancho m\u00e1s capaz, tecnol\u00f3gicamente avanzado y ecol\u00f3gicamente amigable del mercado. Ofrece la mayor capacidad de carga, con un incremento del 20% en capacidad de carga \u00fatil sobre el 747-400F, y un 25% m\u00e1s de capacidad que el 777-200LRF. Adem\u00e1s, reduce el consumo de combustible en un 16% en comparaci\u00f3n con el 747-400F. El 747-8F es el \u00fanico carguero de f\u00e1brica con capacidad de carga por la nariz, lo que lo convierte en la soluci\u00f3n ideal para las demandas a largo plazo del sector de carga a\u00e9rea. Atlas se destaca como el mayor operador mundial de aviones de carga Boeing 747, con una flota de 65 aeronaves, que incluye 17 747-8F, 39 747-400F, cinco 747-400 de pasajeros y cuatro Large Cargo Freighters (LCFs).<\/p>\n","protected":false},"excerpt":{"rendered":"<p>Atlas Air Worldwide Holdings ha anunciado la incorporaci\u00f3n de tres nuevos aviones de carga Boeing 747-8 a su flota, en respuesta a la fuerte demanda global de capacidad a\u00e9rea de carga de fuselaje ancho, especialmente en el sector del comercio electr\u00f3nico transfronterizo. Estos tres Boeing 747-8F adicionales, asegurados mediante contratos de arrendamiento financiero a largo [&hellip;]<\/p>\n","protected":false},"author":1,"featured_media":929,"comment_status":"open","ping_status":"open","sticky":true,"template":"","format":"standard","meta":{"om_disable_all_campaigns":false,"_monsterinsights_skip_tracking":false,"_monsterinsights_sitenote_active":false,"_monsterinsights_sitenote_note":"","_monsterinsights_sitenote_category":0,"_uf_show_specific_survey":0,"_uf_disable_surveys":false,"footnotes":""},"categories":[61],"tags":[680,251,60,679,8,54],"class_list":["post-928","post","type-post","status-publish","format-standard","has-post-thumbnail","hentry","category-cargo","tag-747-8f","tag-atlas-air","tag-aviacion-guayaquil","tag-boc-aviation","tag-boeing","tag-news"],"_links":{"self":[{"href":"https:\/\/aviacionguayaquil.com\/index.php\/wp-json\/wp\/v2\/posts\/928","targetHints":{"allow":["GET"]}}],"collection":[{"href":"https:\/\/aviacionguayaquil.com\/index.php\/wp-json\/wp\/v2\/posts"}],"about":[{"href":"https:\/\/aviacionguayaquil.com\/index.php\/wp-json\/wp\/v2\/types\/post"}],"author":[{"embeddable":true,"href":"https:\/\/aviacionguayaquil.com\/index.php\/wp-json\/wp\/v2\/users\/1"}],"replies":[{"embeddable":true,"href":"https:\/\/aviacionguayaquil.com\/index.php\/wp-json\/wp\/v2\/comments?post=928"}],"version-history":[{"count":2,"href":"https:\/\/aviacionguayaquil.com\/index.php\/wp-json\/wp\/v2\/posts\/928\/revisions"}],"predecessor-version":[{"id":931,"href":"https:\/\/aviacionguayaquil.com\/index.php\/wp-json\/wp\/v2\/posts\/928\/revisions\/931"}],"wp:featuredmedia":[{"embeddable":true,"href":"https:\/\/aviacionguayaquil.com\/index.php\/wp-json\/wp\/v2\/media\/929"}],"wp:attachment":[{"href":"https:\/\/aviacionguayaquil.com\/index.php\/wp-json\/wp\/v2\/media?parent=928"}],"wp:term":[{"taxonomy":"category","embeddable":true,"href":"https:\/\/aviacionguayaquil.com\/index.php\/wp-json\/wp\/v2\/categories?post=928"},{"taxonomy":"post_tag","embeddable":true,"href":"https:\/\/aviacionguayaquil.com\/index.php\/wp-json\/wp\/v2\/tags?post=928"}],"curies":[{"name":"wp","href":"https:\/\/api.w.org\/{rel}","templated":true}]}}